{"id":2272,"date":"2020-10-30T16:43:00","date_gmt":"2020-10-30T19:43:00","guid":{"rendered":"http:\/\/pandc.10z.com.ar\/?p=2272"},"modified":"2020-10-31T13:16:03","modified_gmt":"2020-10-31T16:16:03","slug":"marcelo-mercadante-suburbios-del-alma-2007","status":"publish","type":"post","link":"https:\/\/pandc.10z.com.ar\/?p=2272","title":{"rendered":"Marcelo Mercadante &#8211; Suburbios Del Alma (2007)"},"content":{"rendered":"<p><a href=\"https:\/\/pandc.10z.com.ar\/wp-content\/img\/Mercafront.JPG\" target=\"_blank\" rel=\"noopener noreferrer\"><img loading=\"lazy\" decoding=\"async\" class=\"aligncenter\" src=\"https:\/\/pandc.10z.com.ar\/wp-content\/img\/Mercafront.JPG\" alt=\"\" width=\"400\" height=\"400\"><\/a><\/p>\n<p style=\"text-align: left;\"><a href=\"https:\/\/pandc.10z.com.ar\/wp-content\/img\/Mercain.jpg\" target=\"_blank\" rel=\"noopener noreferrer\"><img loading=\"lazy\" decoding=\"async\" class=\"aligncenter\" src=\"https:\/\/pandc.10z.com.ar\/wp-content\/img\/Mercain.jpg\" alt=\"\" width=\"400\" height=\"200\"><\/a><\/p>\n<p style=\"text-align: left;\"><strong>Marcelo Mercadante<\/strong> inici\u00f3 sus estudios de bandone\u00f3n con <strong>Rodolfo Mederos<\/strong>. M\u00e1s tarde, perfeccion\u00f3 la t\u00e9cnica del instrumento con los maestros <strong>Daniel Binelli, Julio Pane, N\u00e9stor Marconi y Juan Jos\u00e9 Mosalini.<\/strong><br \/>\nForm\u00f3 parte del <em>Cuarteto de Bandoneones de Daniel Binelli<strong>,<\/strong><\/em> del <em>Luis Borda Cuarteto<\/em> y de diversos grupos, con los que se present\u00f3 en salas de Buenos Aires y Montevideo.<br \/>\nDesde hace varios a\u00f1os esta radicado en Barcelona, Espa\u00f1a, donde formo parte de diversas agrupaciones de tango, ejecutando partituras originales de cl\u00e0sicos y tambien m\u00fasicas originales de Marcelo Mercadante.<\/p>\n<p style=\"text-align: left;\">En 2007 edita su excelente disco de tangos-canci\u00f3n grabado en Buenos Aires, <em>Suburbios del alma<\/em>, con m\u00fasica propia y letras<strong> <\/strong>de<strong> Pablo Marchetti<\/strong>. &nbsp; En las voces destacan entre otros colaboradores el <em>cantaor<\/em> flamenco <strong>Miguel Poveda<\/strong> con tres temas, la cantante <strong>Martirio<\/strong>, <strong>Lidia Borda<\/strong> (a quien ya hemos presentado en nuestro blog), <strong>Elba Pico, Omar Mollo y Alejandro del Prado<\/strong>.<\/p>\n<p><strong>Musicos:<\/strong><\/p>\n<p><strong>Marcelo Mercadante: <\/strong>bandone\u00f3n<br \/>\n<strong>Leopoldo Federico: <\/strong>bandone\u00f3on en <em>\u00abNunca juegues&#8230;\u00bb<\/em><br \/>\n<strong>Gustavo Battaglia:<\/strong> guitarras<br \/>\n<strong>Cesar Angeleri: <\/strong>guitarra y guitarron<br \/>\n<strong>Hernan Possetti: <\/strong>violin<br \/>\n<strong>Pablo Agri: <\/strong>violin<br \/>\n<strong>Benjamin Bru: <\/strong>viola<br \/>\n<strong>Daniel Sanchez:<\/strong> violoncello<br \/>\n<strong>Daniel Falasca: <\/strong>contrabajo<br \/>\n<strong>Quique Guerra:<\/strong> contrabajo<br \/>\n<strong>Andres Serafini: <\/strong>contrabajo<br \/>\n<strong>German Martinez: <\/strong>guitarra electrica<br \/>\n<strong>Diego Schissi: <\/strong>solo de piano en <em>\u00abMalv\u00f3n\u00bb<\/em><br \/>\n<strong>Carlos Ocorso: <\/strong>percusion<br \/>\n<strong>Hugo Fatorusso: <\/strong>teclado en <em>\u00abRazonable\u00bb<\/em><br \/>\n<strong>Francisco Fatorusso: <\/strong>bajo electrico en <em>\u00abRazonable\u00bb<\/em><br \/>\n<strong>Diego Paredes, Nicolas Peluffo y Fernan Nu\u00f1ez:<\/strong> tambores en \u00abRazonable\u00bb<br \/>\n<strong><\/strong><\/p>\n<p><strong>Tracklist:<\/strong><\/p>\n<p>01. Esa palabra &#8211; <em>canta: Angel Poveda<\/em><br \/>\n02. No sue\u00f1o &#8211; <em>canta: Lidia Borda<\/em><br \/>\n03. Como sigo? &#8211; <em>canta: Martirio<\/em><br \/>\n04. En que ciudad vivis? &#8211; <em>canta: Omar Mollo<\/em><br \/>\n05. Sombra victoriosa &#8211; <em>canta: Miguel Poveda<\/em><br \/>\n06. Malvon &#8211; <em>canta: Lidia Borda<\/em><br \/>\n07. Nunca juegues al poker con Rene Lavand &#8211; <em>canta: Omar Mollo<\/em><br \/>\n08. Vereda oto\u00f1al &#8211;<em> canta: Elba Pic\u00f3<\/em><br \/>\n09. Lejos &#8211; <em>canta: Lidia Borda<\/em><br \/>\n10. Tu mejor alumno &#8211; <em>canta: Omar Mollo<\/em><br \/>\n11. Mas nada &#8211; <em>canta: Miguel Poveda<br \/>\n<\/em>12. Razonable &#8211;<em> canta: Alejandro del Prado<\/em><\/p>\n<p>***********<\/p>\n<p><strong><a href=\"http:\/\/s.10z.com.ar\/?c=mYtJ2a7\" target=\"_blank\" rel=\"noopener noreferrer\">Descarga directa<\/a><\/strong><\/p>\n<p>***********<\/p>\n","protected":false},"excerpt":{"rendered":"<p>Marcelo Mercadante inici\u00f3 sus estudios de bandone\u00f3n con Rodolfo Mederos. M\u00e1s tarde, perfeccion\u00f3 la t\u00e9cnica del instrumento con los maestros Daniel Binelli, Julio Pane, N\u00e9stor Marconi y Juan Jos\u00e9 Mosalini. Form\u00f3 parte del Cuarteto de Bandoneones de Daniel Binelli, del Luis Borda Cuarteto y de diversos grupos, con los que se present\u00f3 en salas de [&hellip;]<\/p>\n","protected":false},"author":5,"featured_media":0,"comment_status":"open","ping_status":"open","sticky":false,"template":"","format":"standard","meta":{"footnotes":""},"categories":[271],"tags":[15,220],"class_list":["post-2272","post","type-post","status-publish","format-standard","hentry","category-marcelo-mercadante","tag-tango","tag-vocal"],"_links":{"self":[{"href":"https:\/\/pandc.10z.com.ar\/index.php?rest_route=\/wp\/v2\/posts\/2272","targetHints":{"allow":["GET"]}}],"collection":[{"href":"https:\/\/pandc.10z.com.ar\/index.php?rest_route=\/wp\/v2\/posts"}],"about":[{"href":"https:\/\/pandc.10z.com.ar\/index.php?rest_route=\/wp\/v2\/types\/post"}],"author":[{"embeddable":true,"href":"https:\/\/pandc.10z.com.ar\/index.php?rest_route=\/wp\/v2\/users\/5"}],"replies":[{"embeddable":true,"href":"https:\/\/pandc.10z.com.ar\/index.php?rest_route=%2Fwp%2Fv2%2Fcomments&post=2272"}],"version-history":[{"count":1,"href":"https:\/\/pandc.10z.com.ar\/index.php?rest_route=\/wp\/v2\/posts\/2272\/revisions"}],"predecessor-version":[{"id":6345,"href":"https:\/\/pandc.10z.com.ar\/index.php?rest_route=\/wp\/v2\/posts\/2272\/revisions\/6345"}],"wp:attachment":[{"href":"https:\/\/pandc.10z.com.ar\/index.php?rest_route=%2Fwp%2Fv2%2Fmedia&parent=2272"}],"wp:term":[{"taxonomy":"category","embeddable":true,"href":"https:\/\/pandc.10z.com.ar\/index.php?rest_route=%2Fwp%2Fv2%2Fcategories&post=2272"},{"taxonomy":"post_tag","embeddable":true,"href":"https:\/\/pandc.10z.com.ar\/index.php?rest_route=%2Fwp%2Fv2%2Ftags&post=2272"}],"curies":[{"name":"wp","href":"https:\/\/api.w.org\/{rel}","templated":true}]}}