{"id":2265,"date":"2010-03-06T08:15:34","date_gmt":"2010-03-06T11:15:34","guid":{"rendered":"http:\/\/pandc.10z.com.ar\/?p=2265"},"modified":"2011-04-23T19:47:36","modified_gmt":"2011-04-23T22:47:36","slug":"ornella-vanoni-a-un-certo-punto-1974","status":"publish","type":"post","link":"https:\/\/pandc.10z.com.ar\/?p=2265","title":{"rendered":"Ornella Vanoni &#8211; A Un Certo Punto (1974)"},"content":{"rendered":"<p style=\"text-align: center;\"><a href=\"https:\/\/pandc.10z.com.ar\/wp-content\/img\/OrnellaPuntoFront.jpg\" target=\"_blank\"><img loading=\"lazy\" decoding=\"async\" class=\"aligncenter\" title=\"ornellaFr\" src=\"https:\/\/pandc.10z.com.ar\/wp-content\/img\/OrnellaPuntoFront.jpg\" alt=\"\" width=\"400\" height=\"400\" \/><\/a><\/p>\n<p style=\"text-align: center;\">\n<p style=\"text-align: center;\"><a href=\"https:\/\/pandc.10z.com.ar\/wp-content\/img\/OrnellaPuntoRetro.jpg\" target=\"_blank\"><img loading=\"lazy\" decoding=\"async\" class=\"aligncenter\" title=\"ornellaF\" src=\"https:\/\/pandc.10z.com.ar\/wp-content\/img\/OrnellaPuntoRetro.jpg\" alt=\"\" width=\"400\" height=\"400\" \/><\/a><\/p>\n<p style=\"text-align: center;\">\n<p><strong><em>Gran admirador de Ornella Vanoni, igual que yo, Luca II empieza hoy (y pronto seguir\u00e1 con una compilaci\u00f3n personal) a hablarnos de ella.<\/em><\/strong><\/p>\n<p>Presentamos hoy el primer Lp publicado por Ornella bajo la etiqueta Vanilla, que ella misma fund\u00f3.<br \/>\nUn disco interesante, aunque no muy diferente de los que lo han inmediatamente precedido. Aqu\u00ed tambien encontramos canciones atmosf\u00e9ricas, textos introspectivos y arreglos curados hasta en el m\u00ednimo dettalle para espresar al m\u00e1ximo el espiritu de cada tema. Escuche, por ejemplo, \u00abIl Milano- Roma\u00bb y digan si no les parece de viajar tambi\u00e9n ustedes en aquel tren que trae a casa la protagonista, despu\u00e9s de otro \u00abappuntamento\u00bb (cita)\u00a0 terminado mal.<br \/>\nLos autores son los de siempre, con algun nuevo llegado: un todav\u00eda desconocido Renato Zero firma la ingeniosa \u00abDipende\u00bb, mientras Rosalino Cellamare (el futuro Ron) y Gian Franco baldazzi, ambos del c\u00edrculo de Lucio dalla, le escriben \u00abPrime ore del mattino\u00bb. El consabido espacio dedicado a covers es todo para la m\u00fasica brasile\u00f1a, con versiones italianas de \u00abO poeta apprendiz\u00bb (\u00abL&#8217;apprendista poeta\u00bb) de Toquinho y Vinicius de Moraes, con los que pronto Ornella realizar\u00e1 un \u00e1lbum destinado a convertirse en uno de los hitos de su carrera, y la fren\u00e9tica \u00abCheva, suor e cerveja\u00bb (\u00abLa gente e me\u00bb) de Caetano Veloso. Sergio Bardotti, productor del \u00e1lbum, se encarga de la traducci\u00f3n de ambas canciones.. El sencillo extracto es \u00abStupidi\u00bb (grabado tambi\u00e9n en espa\u00f1ol) que no tendr\u00e1 un gran \u00e9xito de ventas y que ser\u00e1 superado en notoriedad por \u00abLa gente e me\u00bb, utilizada como lado B y presentada por Ornella repetidamente en la televisi\u00f3n.<\/p>\n<p>Las mejores canciones son, por lo que a m\u00ed respecta, \u00abLa tana degli artisti\u00bb y el ya mencionado \u00abIl Milano-Roma\u00bb, t\u00edtulo que alude no s\u00f3lo al tema tratado en el texto, sino tambi\u00e9n al traslado real de Ornella a la capital para convertirse en su propria manager y discogr\u00e1fica.<\/p>\n<p><strong>LucaII<\/strong><\/p>\n<p><strong><em>(Testo in italiano nei \u00abComentarios\u00bb)<\/em><\/strong><\/p>\n<p>***<\/p>\n<p><strong>Tracklist:<\/strong><\/p>\n<p>01. Stupidi (Shel Shapiro-Paolo Limiti)<br \/>\n02. L&#8217;apprendista poeta (O poeta apprendiz) (Vinicius de Moraes-Toquinho- Sergio Bardotti)<br \/>\n03. Prime ore del mattino (Rosalino Cellamare &#8211; Sergio Bardotti &#8211; G.F.Baldazzi)<br \/>\n04. Il continente delle cose amate\u00a0 (L.Ricchi &#8211; Ornella Vanoni)<br \/>\n05. Il Milano-Roma (C.Castellari)<br \/>\n06. Dipende (Renato Zero-Sergio Bardotti)<br \/>\n07. Fammi andare via (Maurizio Fabrizio &#8211; L.Albertelli &#8211; Ornella Vanoni)<br \/>\n08. La tana degli artisti (C.castellari &#8211; S.Scandolara)<br \/>\n09. La gente e me (Cheva, suor e cerveja) (Caetano Veloso &#8211; Sergio Bardotti)<\/p>\n<p>***<\/p>\n<p><a href=\"http:\/\/www.megaupload.com\/?d=LOGOYLE7\">Aqu\u00ed<\/a><\/p>\n<p>***<\/p>\n","protected":false},"excerpt":{"rendered":"<p>Gran admirador de Ornella Vanoni, igual que yo, Luca II empieza hoy (y pronto seguir\u00e1 con una compilaci\u00f3n personal) a hablarnos de ella. Presentamos hoy el primer Lp publicado por Ornella bajo la etiqueta Vanilla, que ella misma fund\u00f3. Un disco interesante, aunque no muy diferente de los que lo han inmediatamente precedido. Aqu\u00ed tambien [&hellip;]<\/p>\n","protected":false},"author":4,"featured_media":0,"comment_status":"open","ping_status":"open","sticky":false,"template":"","format":"standard","meta":{"footnotes":""},"categories":[195],"tags":[3,41],"class_list":["post-2265","post","type-post","status-publish","format-standard","hentry","category-ornella-vanoni","tag-italia","tag-pop"],"_links":{"self":[{"href":"https:\/\/pandc.10z.com.ar\/index.php?rest_route=\/wp\/v2\/posts\/2265","targetHints":{"allow":["GET"]}}],"collection":[{"href":"https:\/\/pandc.10z.com.ar\/index.php?rest_route=\/wp\/v2\/posts"}],"about":[{"href":"https:\/\/pandc.10z.com.ar\/index.php?rest_route=\/wp\/v2\/types\/post"}],"author":[{"embeddable":true,"href":"https:\/\/pandc.10z.com.ar\/index.php?rest_route=\/wp\/v2\/users\/4"}],"replies":[{"embeddable":true,"href":"https:\/\/pandc.10z.com.ar\/index.php?rest_route=%2Fwp%2Fv2%2Fcomments&post=2265"}],"version-history":[{"count":0,"href":"https:\/\/pandc.10z.com.ar\/index.php?rest_route=\/wp\/v2\/posts\/2265\/revisions"}],"wp:attachment":[{"href":"https:\/\/pandc.10z.com.ar\/index.php?rest_route=%2Fwp%2Fv2%2Fmedia&parent=2265"}],"wp:term":[{"taxonomy":"category","embeddable":true,"href":"https:\/\/pandc.10z.com.ar\/index.php?rest_route=%2Fwp%2Fv2%2Fcategories&post=2265"},{"taxonomy":"post_tag","embeddable":true,"href":"https:\/\/pandc.10z.com.ar\/index.php?rest_route=%2Fwp%2Fv2%2Ftags&post=2265"}],"curies":[{"name":"wp","href":"https:\/\/api.w.org\/{rel}","templated":true}]}}