{"id":2250,"date":"2010-03-03T19:24:11","date_gmt":"2010-03-03T22:24:11","guid":{"rendered":"http:\/\/pandc.10z.com.ar\/?p=2250"},"modified":"2011-04-14T15:18:04","modified_gmt":"2011-04-14T18:18:04","slug":"daniel-barenboim-%e2%80%93-rodolfo-mederos-%e2%80%93-hector-console-mi-buenos-aires-querido-1996","status":"publish","type":"post","link":"https:\/\/pandc.10z.com.ar\/?p=2250","title":{"rendered":"Daniel Barenboim \u2013 Rodolfo Mederos \u2013 H\u00e9ctor Console &#8211; Mi Buenos Aires Querido (1996)"},"content":{"rendered":"<p><a href=\"https:\/\/pandc.10z.com.ar\/wp-content\/img\/BMCfront.jpg\" target=\"_blank\"><img loading=\"lazy\" decoding=\"async\" class=\"aligncenter\" src=\"https:\/\/pandc.10z.com.ar\/wp-content\/img\/BMCfront.jpg\" alt=\"\" width=\"400\" height=\"400\" \/><\/a><\/p>\n<p style=\"text-align: center;\"><a href=\"https:\/\/pandc.10z.com.ar\/wp-content\/img\/BMCback.jpg\" target=\"_blank\"><img loading=\"lazy\" decoding=\"async\" class=\"aligncenter\" src=\"https:\/\/pandc.10z.com.ar\/wp-content\/img\/BMCback.jpg\" alt=\"\" width=\"400\" height=\"330\" \/><\/a><\/p>\n<p style=\"text-align: left;\"><strong>Daniel Baremboim: <\/strong>director de la Chicago Symphony Orchestra, naci\u00f3 y vivi\u00f3 sus primeros a\u00f1os en Buenos Aires, ciudad de la que se fue con su familia a la edad de 9 a\u00f1os. Naci\u00f3 en la Argentina, creci\u00f3 en Israel y hoy se reparte entre Europa y los EE.UU. Es adem\u00e1s el director musical general de la Deutsche Staatsoper, la \u00d3pera Estatal de Berl\u00edn conocida como Unter den Linden desde 1992.\u00a0 El 12 de enero de 2008, despu\u00e9s de un concierto en Ramala, <strong>Barenboim <\/strong>acept\u00f3 tambi\u00e9n la ciudadan\u00eda palestina honoraria.\u00a0 Su entrenamiento cl\u00e1sico y su experiencia brillan en su interpetaci\u00f3n de este repertorio de tangos.<\/p>\n<p><strong>Rodolfo Mederos:<\/strong> Nacido en Buenos Aires, comenz\u00f3 su carrera en 1960. En sus comienzos, estaba hechizado por <em>Piazzolla<\/em>, pero quer\u00eda escapar de esa influencia a pesar de haber tocado con Astor e integrado varios a\u00f1os la orquesta de <em>Osvaldo Pugliese<\/em>.\u00a0 Mederos es due\u00f1o de una gran ductilidad para fusionar con aire de tango diferentes ritmos y g\u00e9neros y ha grabado participaciones en discos de artistas tan dis\u00edmiles como <em>Mercedes Sosa, Luis Alberto Spinetta o Joan Manuel Serrat.<\/em><\/p>\n<p><strong>H\u00e9ctor Console: <\/strong>Naci\u00f3 en el a\u00f1o 1939 en la provincia de Buenos Aires. Estudi\u00f3 guitarra, viol\u00edn y contrabajo, y este \u00faltimo instrumento fue con el cual se decidi\u00f3 a ejercer en su carrera musical. Particip\u00f3 en diversos conjuntos como la Orquesta de <em>Carlitos Garc\u00eda<\/em>, <em>Hugo Baralis, Ra\u00fal Garello, Atilio Stampone, Osvaldo Manzi, Horacio Salg\u00e1n, N\u00e9stor Marconi <\/em>y otros. Integr\u00f3 el conjunto de <em>Astor Piazolla<\/em> en 1978.<\/p>\n<p><em><strong>Esta es una maravillosa colecci\u00f3n de tangos interpretada por estos tres soberbios m\u00fasicos grabada en 1996 y sobre la que huelgan los comentarios tanto por su virtuosismo como por el repertorio elegido\u2026 Imperdible!<\/strong><br \/>\n<\/em><br \/>\n<strong>M\u00fasicos:<\/strong><\/p>\n<p><strong>Daniel Barenboim: piano.<br \/>\nRodolfo Mederos: <\/strong>bandoneon.<br \/>\n<strong>Hector Console:<\/strong> contrabajo<\/p>\n<p>***<\/p>\n<p><strong><a href=\"http:\/\/www.megaupload.com\/?d=UDDXESRU\">MU Aqu\u00ed<\/a><br \/>\n<a href=\"http:\/\/www.megaupload.com\/?d=13DT6PUD\">MU Aqu\u00ed<\/a><\/strong><\/p>\n<p><a href=\"http:\/\/rapidshare.com\/files\/358095204\/BaMeCo.BsAs.PC.rar\"><strong>RS Aqu\u00ed<\/strong><\/a><\/p>\n<p>***<\/p>\n","protected":false},"excerpt":{"rendered":"<p>Daniel Baremboim: director de la Chicago Symphony Orchestra, naci\u00f3 y vivi\u00f3 sus primeros a\u00f1os en Buenos Aires, ciudad de la que se fue con su familia a la edad de 9 a\u00f1os. Naci\u00f3 en la Argentina, creci\u00f3 en Israel y hoy se reparte entre Europa y los EE.UU. Es adem\u00e1s el director musical general de [&hellip;]<\/p>\n","protected":false},"author":5,"featured_media":0,"comment_status":"open","ping_status":"open","sticky":false,"template":"","format":"standard","meta":{"footnotes":""},"categories":[265,267,266],"tags":[15],"class_list":["post-2250","post","type-post","status-publish","format-standard","hentry","category-daniel-barenboim","category-hector-console","category-rodolfo-mederos","tag-tango"],"_links":{"self":[{"href":"https:\/\/pandc.10z.com.ar\/index.php?rest_route=\/wp\/v2\/posts\/2250","targetHints":{"allow":["GET"]}}],"collection":[{"href":"https:\/\/pandc.10z.com.ar\/index.php?rest_route=\/wp\/v2\/posts"}],"about":[{"href":"https:\/\/pandc.10z.com.ar\/index.php?rest_route=\/wp\/v2\/types\/post"}],"author":[{"embeddable":true,"href":"https:\/\/pandc.10z.com.ar\/index.php?rest_route=\/wp\/v2\/users\/5"}],"replies":[{"embeddable":true,"href":"https:\/\/pandc.10z.com.ar\/index.php?rest_route=%2Fwp%2Fv2%2Fcomments&post=2250"}],"version-history":[{"count":0,"href":"https:\/\/pandc.10z.com.ar\/index.php?rest_route=\/wp\/v2\/posts\/2250\/revisions"}],"wp:attachment":[{"href":"https:\/\/pandc.10z.com.ar\/index.php?rest_route=%2Fwp%2Fv2%2Fmedia&parent=2250"}],"wp:term":[{"taxonomy":"category","embeddable":true,"href":"https:\/\/pandc.10z.com.ar\/index.php?rest_route=%2Fwp%2Fv2%2Fcategories&post=2250"},{"taxonomy":"post_tag","embeddable":true,"href":"https:\/\/pandc.10z.com.ar\/index.php?rest_route=%2Fwp%2Fv2%2Ftags&post=2250"}],"curies":[{"name":"wp","href":"https:\/\/api.w.org\/{rel}","templated":true}]}}