{"id":2243,"date":"2018-10-19T18:35:49","date_gmt":"2018-10-19T21:35:49","guid":{"rendered":"http:\/\/pandc.10z.com.ar\/?p=2243"},"modified":"2018-10-19T19:06:45","modified_gmt":"2018-10-19T22:06:45","slug":"carlos-gardel-%e2%80%93-gardel-inedito-i-1999","status":"publish","type":"post","link":"https:\/\/pandc.10z.com.ar\/?p=2243","title":{"rendered":"Carlos Gardel \u2013 Gardel In\u00e9dito I (1999)"},"content":{"rendered":"<p><a href=\"https:\/\/pandc.10z.com.ar\/wp-content\/img\/CG1Front.jpg\" target=\"_blank\"><img loading=\"lazy\" decoding=\"async\" class=\"aligncenter\" src=\"https:\/\/pandc.10z.com.ar\/wp-content\/img\/CG1Front.jpg\" alt=\"\" width=\"400\" height=\"400\" \/><\/a><\/p>\n<p style=\"text-align: center;\"><a href=\"https:\/\/pandc.10z.com.ar\/wp-content\/img\/CG1Back.jpg\" target=\"_blank\"><img loading=\"lazy\" decoding=\"async\" class=\"aligncenter\" src=\"https:\/\/pandc.10z.com.ar\/wp-content\/img\/CG1Back.jpg\" alt=\"\" width=\"400\" height=\"400\" \/><\/a><\/p>\n<p style=\"text-align: left;\">La hip\u00f3tesis que est\u00e1 mas aceptada (debido a las pruebas presentadas) es que <strong>Carlos Gardel<\/strong> naci\u00f3 el 11 de Diciembre en Toulouse, Francia. Para comprobar esto se ha presentado la partida de nacimiento del hospital <em>San Jos\u00e9 de las Grav<\/em>, donde se constata dicha informaci\u00f3n. El otro documento que lo certifica es el testamento ol\u00f3grafo que dej\u00f3 <strong>Gardel <\/strong>en donde afirmaba ser franc\u00e9s e hijo de Berta Gardes.<\/p>\n<p><strong>Gardel<\/strong> hoy en d\u00eda es el s\u00edmbolo del Tango en el mundo entero, y sobre eso no hay discusion. Como tampoco en que viv\u00eda en el barrio del Abasto, mas exactamente en la calle Jean Jaures 735. Ten\u00eda la costumbre de <em>\u00a8acompa\u00f1ar\u00a8<\/em> los acordes de alguna guitarra en la vereda de la casa junto a sus amigos. De ah\u00ed se fue haciendo <em>\u00a8famoso\u00a8 <\/em>entre los puesteros que difundieron su talento.<\/p>\n<p>En una fiesta conoce a <strong>Razzano <\/strong>y empieza una amistad que se convierte en un d\u00fao que ser\u00e1 historia y el trampol\u00edn para la carrera solista de <strong>Gardel<\/strong>. Este d\u00fao comenz\u00f3 en 1913 y dur\u00f3 (t\u00e9cnicamente) hasta 1926, luego de lo cual <strong>Gardel <\/strong>pasa a ser el solista.<\/p>\n<p>La primera canci\u00f3n que <strong>Gardel<\/strong> graba como solista del d\u00fao es un estilo titulado <em>\u00abAmargura<\/em>\u00ab. En este lapso (a\u00fan hablando del d\u00fao con Razzano) grab\u00f3 unos 15 Tangos de 117 en total que quedar\u00eda como colecci\u00f3n a todos los seguidores. Los siguientes cinco a\u00f1os luego de la disoluci\u00f3n del d\u00fao marcaron su consolidaci\u00f3n como cantor internacional de tango.<\/p>\n<p>Gardel desembarca en Nueva York en Diciembre de 1933 para debutar en la cadena NBC con una repercusi\u00f3n que dej\u00f3 perplejos a los directivos que inmediatamente decidieron llevarlo al cine.\u00a0 Las \u00faltimas vacaciones del cantor las pasa en Francia, descansando merecidamente y en Marzo de 1935 vuelve a Am\u00e9rica en lo que ser\u00eda su \u00faltima gira que incluy\u00f3 las ciudades de San Juan de Puerto Rico (Puerto Rico), Caracas (Venezuela), Bogot\u00e1\u00a0 y la fat\u00eddica Medell\u00edn (Colombia) en la que muere en aquel accidente aeronautico en junio de 1935.<\/p>\n<p><strong>***<\/strong><\/p>\n<p>Luego de un intenso trabajo de b\u00fasqueda, en 1999 en la EMI Argentina se encontraron estas grabaciones de <strong>Carlos Gardel<\/strong> con versiones distintas de las que vieron la luz en su \u00e9poca.\u00a0 Se trata de material que fue descartado para elegir, en su lugar, otras versiones que fueron las editadas finalmente (hoy se llamar\u00edan \u00abouttakes\u00bb?).<\/p>\n<p>Para rescatar este material hubo que restaurar discos de acetato y grabaciones de pruebas previos a 1935. Estas versiones no habian sido elegidas en su momento porque <strong>Gardel<\/strong> cambi\u00f3 la letra a \u00faltimo momento, porque se decidi\u00f3 que quedaba mejor el acompa\u00f1amiento de guitarras, porque se produjo algun error (por ejemplo, en <em>\u00abSe llama mujer\u00bb<\/em> <strong>Gardel<\/strong> dice: \u00ab&#8230;carece de amigos, vive <em>pombremente<\/em>\u00ab, \u00f3 en <em>\u00abLa pena del payador\u00bb<\/em> dice \u00ab&#8230;qui\u00e9n sabe qu\u00e9 honda pena lo <em>abinam pebegrino<\/em>&#8230;\u00bb)&#8230;, o simplemente porque se entendi\u00f3 que la hab\u00eda una toma mejor.<\/p>\n<p style=\"text-align: left;\">\n<p style=\"text-align: left;\">Los originales se enviaron a los estudios Abbey Road de Londres. All\u00ed los ingenieros limpiaron las matrices y realizaron la masterizacion digital. El sonido es excelente, logrado sin desvirtuar en nada el original, y el material final una verdadera joya.<\/p>\n<p>***********<\/p>\n<p><a href=\"https:\/\/yadi.sk\/d\/9qqNrQENHsIYPQ\" target=\"_blank\"><strong>Descarga directa<\/strong><\/a><\/p>\n<p>***********<\/p>\n","protected":false},"excerpt":{"rendered":"<p>La hip\u00f3tesis que est\u00e1 mas aceptada (debido a las pruebas presentadas) es que Carlos Gardel naci\u00f3 el 11 de Diciembre en Toulouse, Francia. Para comprobar esto se ha presentado la partida de nacimiento del hospital San Jos\u00e9 de las Grav, donde se constata dicha informaci\u00f3n. El otro documento que lo certifica es el testamento ol\u00f3grafo [&hellip;]<\/p>\n","protected":false},"author":5,"featured_media":0,"comment_status":"open","ping_status":"open","sticky":false,"template":"","format":"standard","meta":{"footnotes":""},"categories":[263],"tags":[15],"class_list":["post-2243","post","type-post","status-publish","format-standard","hentry","category-carlos-gardel","tag-tango"],"_links":{"self":[{"href":"https:\/\/pandc.10z.com.ar\/index.php?rest_route=\/wp\/v2\/posts\/2243","targetHints":{"allow":["GET"]}}],"collection":[{"href":"https:\/\/pandc.10z.com.ar\/index.php?rest_route=\/wp\/v2\/posts"}],"about":[{"href":"https:\/\/pandc.10z.com.ar\/index.php?rest_route=\/wp\/v2\/types\/post"}],"author":[{"embeddable":true,"href":"https:\/\/pandc.10z.com.ar\/index.php?rest_route=\/wp\/v2\/users\/5"}],"replies":[{"embeddable":true,"href":"https:\/\/pandc.10z.com.ar\/index.php?rest_route=%2Fwp%2Fv2%2Fcomments&post=2243"}],"version-history":[{"count":0,"href":"https:\/\/pandc.10z.com.ar\/index.php?rest_route=\/wp\/v2\/posts\/2243\/revisions"}],"wp:attachment":[{"href":"https:\/\/pandc.10z.com.ar\/index.php?rest_route=%2Fwp%2Fv2%2Fmedia&parent=2243"}],"wp:term":[{"taxonomy":"category","embeddable":true,"href":"https:\/\/pandc.10z.com.ar\/index.php?rest_route=%2Fwp%2Fv2%2Fcategories&post=2243"},{"taxonomy":"post_tag","embeddable":true,"href":"https:\/\/pandc.10z.com.ar\/index.php?rest_route=%2Fwp%2Fv2%2Ftags&post=2243"}],"curies":[{"name":"wp","href":"https:\/\/api.w.org\/{rel}","templated":true}]}}