{"id":2207,"date":"2010-02-11T16:48:51","date_gmt":"2010-02-11T18:48:51","guid":{"rendered":"http:\/\/pandc.10z.com.ar\/?p=2207"},"modified":"2011-04-24T17:58:44","modified_gmt":"2011-04-24T20:58:44","slug":"ivo-meirelles-funkn-lata-o-coro-ta-comendo-1999","status":"publish","type":"post","link":"https:\/\/pandc.10z.com.ar\/?p=2207","title":{"rendered":"Ivo Meirelles &#038; Funk&#8217;n Lata &#8211; O Coro T\u00e1 Comendo (1999)"},"content":{"rendered":"<p><a href=\"https:\/\/pandc.10z.com.ar\/wp-content\/img\/funklatafront.jpg\" target=\"_blank\"><img loading=\"lazy\" decoding=\"async\" class=\"aligncenter\" src=\"https:\/\/pandc.10z.com.ar\/wp-content\/img\/funklatafront.jpg\" alt=\"\" width=\"400\" height=\"400\" \/><\/a><\/p>\n<p style=\"text-align: center;\"><a href=\"https:\/\/pandc.10z.com.ar\/wp-content\/img\/funklataback.jpg\" target=\"_blank\"><img loading=\"lazy\" decoding=\"async\" class=\"aligncenter\" src=\"https:\/\/pandc.10z.com.ar\/wp-content\/img\/funklataback.jpg\" alt=\"\" width=\"400\" height=\"320\" \/><\/a><\/p>\n<p style=\"text-align: left;\"><strong>Ivo Meirelles<\/strong> es el hijo del fallecido compositor brasile\u00f1o<strong> Ivan Meirelles<\/strong>, antiguo director de una de las mas famosas comparsas del Carnaval de Brasil: <em>Mangueira<\/em>. Su madre, la cantora <strong>Nanana de Mangueira<\/strong>, fue una gran pasista de la <em>Scola do Samba<\/em> en los a\u00f1os sesenta y su hermana Waninha sigui\u00f3 sus pasos.<\/p>\n<p>Adem\u00e1s de su pasi\u00f3n por el samba, <strong>Ivo<\/strong> se interes\u00f3 por otros caminos, pasando a tener mas influencia del funk, el funk carioca y el pop. Despu\u00e9s de haber sido \u00e9l mismo director de Mangueira, se junt\u00f3 con el m\u00fasico <strong>Lob\u00e2o<\/strong> y fund\u00f3 el grupo <strong>Funk\u2019n Lata<\/strong>, que mezcla b\u00e1sicamente el funk y la batucada, resquicios de su vida en la<em> Scola do Samba Mangueira<\/em>. <strong>Funk\u2019n Lata <\/strong>utiliza elementos de la m\u00fasica negra, el funk carioca, rap, hip hop y batucada, generando un resultado totalmente original.<\/p>\n<p>***<\/p>\n<p><strong><a href=\"http:\/\/www.megaupload.com\/?d=E1MIN3RZ\">MU Aqu\u00ed<\/a><\/strong><\/p>\n<p><a href=\"http:\/\/rapidshare.com\/files\/348641027\/FunknLata.PC.rar\"><strong>RS Aqu\u00ed<\/strong><\/a><\/p>\n<p>***<\/p>\n","protected":false},"excerpt":{"rendered":"<p>Ivo Meirelles es el hijo del fallecido compositor brasile\u00f1o Ivan Meirelles, antiguo director de una de las mas famosas comparsas del Carnaval de Brasil: Mangueira. Su madre, la cantora Nanana de Mangueira, fue una gran pasista de la Scola do Samba en los a\u00f1os sesenta y su hermana Waninha sigui\u00f3 sus pasos. Adem\u00e1s de su [&hellip;]<\/p>\n","protected":false},"author":5,"featured_media":0,"comment_status":"open","ping_status":"open","sticky":false,"template":"","format":"standard","meta":{"footnotes":""},"categories":[258,450],"tags":[12,182,23],"class_list":["post-2207","post","type-post","status-publish","format-standard","hentry","category-funkn-lata","category-ivo-meirelles","tag-brasil","tag-funk","tag-latino"],"_links":{"self":[{"href":"https:\/\/pandc.10z.com.ar\/index.php?rest_route=\/wp\/v2\/posts\/2207","targetHints":{"allow":["GET"]}}],"collection":[{"href":"https:\/\/pandc.10z.com.ar\/index.php?rest_route=\/wp\/v2\/posts"}],"about":[{"href":"https:\/\/pandc.10z.com.ar\/index.php?rest_route=\/wp\/v2\/types\/post"}],"author":[{"embeddable":true,"href":"https:\/\/pandc.10z.com.ar\/index.php?rest_route=\/wp\/v2\/users\/5"}],"replies":[{"embeddable":true,"href":"https:\/\/pandc.10z.com.ar\/index.php?rest_route=%2Fwp%2Fv2%2Fcomments&post=2207"}],"version-history":[{"count":0,"href":"https:\/\/pandc.10z.com.ar\/index.php?rest_route=\/wp\/v2\/posts\/2207\/revisions"}],"wp:attachment":[{"href":"https:\/\/pandc.10z.com.ar\/index.php?rest_route=%2Fwp%2Fv2%2Fmedia&parent=2207"}],"wp:term":[{"taxonomy":"category","embeddable":true,"href":"https:\/\/pandc.10z.com.ar\/index.php?rest_route=%2Fwp%2Fv2%2Fcategories&post=2207"},{"taxonomy":"post_tag","embeddable":true,"href":"https:\/\/pandc.10z.com.ar\/index.php?rest_route=%2Fwp%2Fv2%2Ftags&post=2207"}],"curies":[{"name":"wp","href":"https:\/\/api.w.org\/{rel}","templated":true}]}}