{"id":2127,"date":"2010-01-27T04:19:36","date_gmt":"2010-01-27T06:19:36","guid":{"rendered":"http:\/\/pandc.10z.com.ar\/?p=2127"},"modified":"2011-04-07T10:47:59","modified_gmt":"2011-04-07T13:47:59","slug":"caetano-veloso-e-os-mutantes-ao-vivo-1968","status":"publish","type":"post","link":"https:\/\/pandc.10z.com.ar\/?p=2127","title":{"rendered":"Caetano Veloso e Os Mutantes &#8211; Ao Vivo (1968)"},"content":{"rendered":"<p style=\"text-align: center;\"><a href=\"https:\/\/pandc.10z.com.ar\/wp-content\/img\/Caetanosucata.jpg\" target=\"_blank\"><img loading=\"lazy\" decoding=\"async\" class=\"aligncenter\" src=\"https:\/\/pandc.10z.com.ar\/wp-content\/img\/Caetanosucata.jpg\" alt=\"\" width=\"400\" height=\"400\" \/><\/a><\/p>\n<p>En octubre de 1968, <strong>Caetano veloso<\/strong>, <strong>Gilberto Gil<\/strong> y el grupo de rock <strong>Os Mutantes<\/strong> hac\u00edan una temporada de shows en el local nocturno <em>Sucata<\/em>, en R\u00edo de Janeiro. El rumor de que Caetano hab\u00eda cantado all\u00ed el Himno Nacional de su pa\u00eds con versos ofensivos para las Fuerzas Armadas sirvi\u00f3 de pretexto para que esos shows fueran suspendidos. Unos meses despu\u00e9s, tanto <strong>Caetano<\/strong> como <strong>Gil <\/strong>fueron expulsados del pa\u00eds por la dictadura militar.<\/p>\n<p>Este EP refleja con un absoluto clima ardiente en vivo cuatro momentos de aquel show en vivo.<\/p>\n<p><strong>Tracklist:<\/strong><\/p>\n<p>1. A Voz Do Morto<em> (Caetano Veloso)<\/em><br \/>\n2. Baby <em>(Caetano Veloso)<\/em><br \/>\n3. Saudosismo <em>(Caetano Veloso)<\/em><br \/>\n4. Marcianita<em> (Marcone \/ Alderete \/ Fernando C\u00e9sar) <\/em><\/p>\n<p>***<\/p>\n<p><strong><a href=\"http:\/\/www.megaupload.com\/?d=2QLVRJ7C\">MU Aqu\u00ed<\/a><\/strong><\/p>\n<p><a href=\"http:\/\/rapidshare.com\/files\/341666100\/CVOMvivo.PC.rar\"><strong>RS Aqu\u00ed<\/strong><\/a><\/p>\n<p>***<\/p>\n","protected":false},"excerpt":{"rendered":"<p>En octubre de 1968, Caetano veloso, Gilberto Gil y el grupo de rock Os Mutantes hac\u00edan una temporada de shows en el local nocturno Sucata, en R\u00edo de Janeiro. El rumor de que Caetano hab\u00eda cantado all\u00ed el Himno Nacional de su pa\u00eds con versos ofensivos para las Fuerzas Armadas sirvi\u00f3 de pretexto para que [&hellip;]<\/p>\n","protected":false},"author":5,"featured_media":0,"comment_status":"open","ping_status":"open","sticky":false,"template":"","format":"standard","meta":{"footnotes":""},"categories":[13],"tags":[12,41,39],"class_list":["post-2127","post","type-post","status-publish","format-standard","hentry","category-caetano-veloso","tag-brasil","tag-pop","tag-rock"],"_links":{"self":[{"href":"https:\/\/pandc.10z.com.ar\/index.php?rest_route=\/wp\/v2\/posts\/2127","targetHints":{"allow":["GET"]}}],"collection":[{"href":"https:\/\/pandc.10z.com.ar\/index.php?rest_route=\/wp\/v2\/posts"}],"about":[{"href":"https:\/\/pandc.10z.com.ar\/index.php?rest_route=\/wp\/v2\/types\/post"}],"author":[{"embeddable":true,"href":"https:\/\/pandc.10z.com.ar\/index.php?rest_route=\/wp\/v2\/users\/5"}],"replies":[{"embeddable":true,"href":"https:\/\/pandc.10z.com.ar\/index.php?rest_route=%2Fwp%2Fv2%2Fcomments&post=2127"}],"version-history":[{"count":0,"href":"https:\/\/pandc.10z.com.ar\/index.php?rest_route=\/wp\/v2\/posts\/2127\/revisions"}],"wp:attachment":[{"href":"https:\/\/pandc.10z.com.ar\/index.php?rest_route=%2Fwp%2Fv2%2Fmedia&parent=2127"}],"wp:term":[{"taxonomy":"category","embeddable":true,"href":"https:\/\/pandc.10z.com.ar\/index.php?rest_route=%2Fwp%2Fv2%2Fcategories&post=2127"},{"taxonomy":"post_tag","embeddable":true,"href":"https:\/\/pandc.10z.com.ar\/index.php?rest_route=%2Fwp%2Fv2%2Ftags&post=2127"}],"curies":[{"name":"wp","href":"https:\/\/api.w.org\/{rel}","templated":true}]}}