{"id":2099,"date":"2010-01-22T13:15:21","date_gmt":"2010-01-22T15:15:21","guid":{"rendered":"http:\/\/pandc.10z.com.ar\/?p=2099"},"modified":"2010-03-18T21:46:42","modified_gmt":"2010-03-19T00:46:42","slug":"vinicius-maria-bethania-toquinho-%e2%80%93-en-la-fusa-1971","status":"publish","type":"post","link":"https:\/\/pandc.10z.com.ar\/?p=2099","title":{"rendered":"Vinicius de Moraes, Mar\u00eda Bethania, Toquinho \u2013 En la Fusa (1971)"},"content":{"rendered":"<p><a href=\"https:\/\/pandc.10z.com.ar\/wp-content\/img\/VBTfront.jpg\" target=\"_blank\"><img loading=\"lazy\" decoding=\"async\" class=\"aligncenter\" src=\"https:\/\/pandc.10z.com.ar\/wp-content\/img\/VBTfront.jpg\" alt=\"\" width=\"400\" height=\"400\" \/><\/a><\/p>\n<p style=\"text-align: center;\"><a href=\"https:\/\/pandc.10z.com.ar\/wp-content\/img\/VBTback.jpg\" target=\"_blank\"><img loading=\"lazy\" decoding=\"async\" class=\"aligncenter\" src=\"https:\/\/pandc.10z.com.ar\/wp-content\/img\/VBTback.jpg\" alt=\"\" width=\"400\" height=\"400\" \/><\/a><\/p>\n<p style=\"text-align: left;\">Este disco antol\u00f3gico fue grabado en vivo en el club nocturno<em> La Fusa<\/em>, que funcionaba por aquellos tiempos en la ciudad de Mar del Plata. Las actuaciones tuvieron lugar los d\u00edas 25 y 26 de febrero de 1971.\u00a0 En el recital, <strong>Vinicius<\/strong> presenta al p\u00fablico a<strong> Bethania<\/strong> con palabras muy elogiosas (y merecidas, digo yo), y ella canta sola dos temas: <em>\u201cE de manh\u00e2\u201d<\/em> y <em>\u201cO que tehna que ser\u201d<\/em>, y se une en tr\u00edo en <em>\u201cViramundo\u201d, \u201cApelo\u201d y \u201cO Dia da Cria\u00e7\u00e3o\u201d.<\/em><\/p>\n<p>Es uno de esos discos imprescindibles en una discoteca que se digne de tal.<\/p>\n<p><strong>M\u00fasicos:<\/strong><\/p>\n<p><strong>Vinicius de Moraes: <\/strong>guitarra y voz<br \/>\n<strong>Toquinho: <\/strong>guitarra y voz<br \/>\n<strong>Mar\u00eda Bethania: <\/strong>voz<br \/>\n<strong>Mike Ribas:<\/strong> piano<br \/>\n<strong>Alfredo Remus: <\/strong>bajo<br \/>\n<strong>Enrique Roizner: <\/strong>bater\u00eda<br \/>\n<strong>Cacho G\u00f3mez: <\/strong>percusi\u00f3n<\/p>\n<p><strong>Tracklist<\/strong>:<\/p>\n<p>01. A Tonga da Mironga do Kabulet\u00ea<br \/>\n(Toquinho \/ Vinicius de Moraes)<br \/>\n02. \u00c9 de Manh\u00e3<br \/>\n(Caetano Veloso)<br \/>\n03. Samba da Rosa<br \/>\n(Toquinho \/ Vinicius de Moraes)<br \/>\n04. Testamento (instrumental)<br \/>\n(Toquinho \/ Vinicius de Moraes)<br \/>\n05. Samba da B\u00ean\u00e7\u00e3o<br \/>\n(Baden Powell \/ Vinicius de Moraes)<br \/>\n06. Tarde Em Itapo\u00e3<br \/>\n(Toquinho \/ Vinicius de Moraes)<br \/>\n07. Viramundo<br \/>\n(Gilberto Gil \/ Capinan)<br \/>\n08. Apelo (Con El Soneto de Separaci\u00f3n)<br \/>\n(Baden Powell \/ Vinicius de Moraes)<br \/>\n09. Como Dizia o Poeta<br \/>\n(Albinoni \/ Toquinho \/ Vinicius de Moraes)<br \/>\n10. O Que Tinha de Ser<br \/>\n(Tom Jobim \/ Vinicius de Moraes)<br \/>\n11. O Dia da Cria\u00e7\u00e3o<br \/>\n(Vinicius de Moraes)<\/p>\n<p>***<\/p>\n<p><a href=\"http:\/\/rapidshare.com\/files\/365209824\/VBTresubido.rar\"><strong>Aqu\u00ed<\/strong><\/a> (link actualizado)<\/p>\n<p>***<\/p>\n","protected":false},"excerpt":{"rendered":"<p>Este disco antol\u00f3gico fue grabado en vivo en el club nocturno La Fusa, que funcionaba por aquellos tiempos en la ciudad de Mar del Plata. Las actuaciones tuvieron lugar los d\u00edas 25 y 26 de febrero de 1971.\u00a0 En el recital, Vinicius presenta al p\u00fablico a Bethania con palabras muy elogiosas (y merecidas, digo yo), [&hellip;]<\/p>\n","protected":false},"author":5,"featured_media":0,"comment_status":"open","ping_status":"open","sticky":false,"template":"","format":"standard","meta":{"footnotes":""},"categories":[59,107,162],"tags":[12,23],"class_list":["post-2099","post","type-post","status-publish","format-standard","hentry","category-maria-bethania","category-toquinho","category-vinicius-de-moraes","tag-brasil","tag-latino"],"_links":{"self":[{"href":"https:\/\/pandc.10z.com.ar\/index.php?rest_route=\/wp\/v2\/posts\/2099","targetHints":{"allow":["GET"]}}],"collection":[{"href":"https:\/\/pandc.10z.com.ar\/index.php?rest_route=\/wp\/v2\/posts"}],"about":[{"href":"https:\/\/pandc.10z.com.ar\/index.php?rest_route=\/wp\/v2\/types\/post"}],"author":[{"embeddable":true,"href":"https:\/\/pandc.10z.com.ar\/index.php?rest_route=\/wp\/v2\/users\/5"}],"replies":[{"embeddable":true,"href":"https:\/\/pandc.10z.com.ar\/index.php?rest_route=%2Fwp%2Fv2%2Fcomments&post=2099"}],"version-history":[{"count":0,"href":"https:\/\/pandc.10z.com.ar\/index.php?rest_route=\/wp\/v2\/posts\/2099\/revisions"}],"wp:attachment":[{"href":"https:\/\/pandc.10z.com.ar\/index.php?rest_route=%2Fwp%2Fv2%2Fmedia&parent=2099"}],"wp:term":[{"taxonomy":"category","embeddable":true,"href":"https:\/\/pandc.10z.com.ar\/index.php?rest_route=%2Fwp%2Fv2%2Fcategories&post=2099"},{"taxonomy":"post_tag","embeddable":true,"href":"https:\/\/pandc.10z.com.ar\/index.php?rest_route=%2Fwp%2Fv2%2Ftags&post=2099"}],"curies":[{"name":"wp","href":"https:\/\/api.w.org\/{rel}","templated":true}]}}