{"id":2097,"date":"2010-01-22T13:10:07","date_gmt":"2010-01-22T15:10:07","guid":{"rendered":"http:\/\/pandc.10z.com.ar\/?p=2097"},"modified":"2010-01-22T13:17:57","modified_gmt":"2010-01-22T15:17:57","slug":"vinicius-de-moraes-maria-creuza-toquinho-%e2%80%93-en-la-fusa-1970","status":"publish","type":"post","link":"https:\/\/pandc.10z.com.ar\/?p=2097","title":{"rendered":"Vinicius de Moraes, Mar\u00eda Creuza, Toquinho \u2013 En \u00abLa Fusa\u00bb (1970)"},"content":{"rendered":"<p><a href=\"https:\/\/pandc.10z.com.ar\/wp-content\/img\/VCTfront.jpg\" target=\"_blank\"><img loading=\"lazy\" decoding=\"async\" class=\"aligncenter\" src=\"https:\/\/pandc.10z.com.ar\/wp-content\/img\/VCTfront.jpg\" alt=\"\" width=\"400\" height=\"400\" \/><\/a><\/p>\n<p style=\"text-align: center;\"><a href=\"https:\/\/pandc.10z.com.ar\/wp-content\/img\/VCTback.jpg\" target=\"_blank\"><img loading=\"lazy\" decoding=\"async\" class=\"aligncenter\" src=\"https:\/\/pandc.10z.com.ar\/wp-content\/img\/VCTback.jpg\" alt=\"\" width=\"400\" height=\"330\" \/><\/a><\/p>\n<p style=\"text-align: left;\">La historia de este disco es interesante: <strong>Vinicius<\/strong> deseaba grabar un LP en vivo, que captara el calor de la actuaci\u00f3n y las reacciones del p\u00fablico. Pero no quer\u00eda que el sonido saliera perdiendo calidad en el proceso. La soluci\u00f3n la encontr\u00f3 grabando en estudio las canciones del repertorio y <em>\u00abmezclarlas\u00bb<\/em> con el sonido ambiente de la actuaci\u00f3n en la boite <em>\u00abLa Fusa\u00bb<\/em>, de la ciudad de Mar del Plata, Argentina.\u00a0 La grabaci\u00f3n se realiz\u00f3 en dos sesiones nocturnas que finalizaron, como cuenta el poeta, con las primeras luces del d\u00eda, totalizando unas 16 horas de grabaci\u00f3n en un ambiente de bohemia, de gran cordialidad, donde no faltaron elementos primordiales: botellas de wisky y mujeres bonitas.<\/p>\n<p>Es casi imposible recomendar canciones en especial, porque el disco es excelente. Pero personalmente considero a\u00a0<em> \u00abTomara\u00bb<\/em> <strong>entre mis canciones favoritas de todos los tiempos<\/strong>.<\/p>\n<p style=\"text-align: left;\"><strong>Tracklist:<\/strong><\/p>\n<p>01. Copa do Mundo<br \/>\n(Tradicional)<br \/>\n02. A Felicidade<br \/>\n(Tom Jobim \/ Vinicius de Moraes)<br \/>\n03. Tomara<br \/>\n(Vinicius de Moraes)<br \/>\n04. Que Maravilha<br \/>\n(Toquinho \/ Jorge Ben \u00abJorge Benjor\u00bb)<br \/>\n05. Lamento no Morro<br \/>\n(Tom Jobim \/ Vinicius de Moraes)<br \/>\n06. Berimbau \/Consola\u00e7\u00e2o<br \/>\n(Baden Powell \/ Vinicius de Moraes)<br \/>\n07. Irene<br \/>\n(Caetano Veloso)<br \/>\n08. Canto de Ossanha<br \/>\n(Baden Powell \/ Vinicius de Moraes)<br \/>\n09. Garota de Ipanema<br \/>\n(Tom Jobim \/ Vinicius de Moraes)<br \/>\n10. Samba Em Prel\u00fadio<br \/>\n(Baden Powell \/ Vinicius de Moraes)<br \/>\n11. Catend\u00ea<br \/>\n(Ant\u00f4nio Carlos Pinto \/ J. C. Figueiredo \/ J. Tavares)<br \/>\n12. Valsa da Tun\u00edsia<br \/>\n(Vinicius de Moraes)<br \/>\n13. Eu Sei Que Vou Te Amar<br \/>\n(Tom Jobim \/ Vinicius de Moraes)<br \/>\n14. Minha Namorada<br \/>\n(Carlos Lyra \/ Vinicius de Moraes)<br \/>\n15. Se Todos Fossem Iguais a Voc\u00ea<br \/>\n(Tom Jobim \/ Vinicius de Moraes)<br \/>\n16. Voce Abusou<br \/>\n(Antonio Carlos \/ Jocafi)<\/p>\n<p>***<\/p>\n<p><a href=\"http:\/\/rapidshare.com\/files\/339346468\/VCTFusa.PC.rar\"><strong>Aqu\u00ed<\/strong><\/a><\/p>\n<p>***<\/p>\n","protected":false},"excerpt":{"rendered":"<p>La historia de este disco es interesante: Vinicius deseaba grabar un LP en vivo, que captara el calor de la actuaci\u00f3n y las reacciones del p\u00fablico. Pero no quer\u00eda que el sonido saliera perdiendo calidad en el proceso. La soluci\u00f3n la encontr\u00f3 grabando en estudio las canciones del repertorio y \u00abmezclarlas\u00bb con el sonido ambiente [&hellip;]<\/p>\n","protected":false},"author":5,"featured_media":0,"comment_status":"open","ping_status":"open","sticky":false,"template":"","format":"standard","meta":{"footnotes":""},"categories":[244,107,162],"tags":[12,23],"class_list":["post-2097","post","type-post","status-publish","format-standard","hentry","category-maria-creuza","category-toquinho","category-vinicius-de-moraes","tag-brasil","tag-latino"],"_links":{"self":[{"href":"https:\/\/pandc.10z.com.ar\/index.php?rest_route=\/wp\/v2\/posts\/2097","targetHints":{"allow":["GET"]}}],"collection":[{"href":"https:\/\/pandc.10z.com.ar\/index.php?rest_route=\/wp\/v2\/posts"}],"about":[{"href":"https:\/\/pandc.10z.com.ar\/index.php?rest_route=\/wp\/v2\/types\/post"}],"author":[{"embeddable":true,"href":"https:\/\/pandc.10z.com.ar\/index.php?rest_route=\/wp\/v2\/users\/5"}],"replies":[{"embeddable":true,"href":"https:\/\/pandc.10z.com.ar\/index.php?rest_route=%2Fwp%2Fv2%2Fcomments&post=2097"}],"version-history":[{"count":0,"href":"https:\/\/pandc.10z.com.ar\/index.php?rest_route=\/wp\/v2\/posts\/2097\/revisions"}],"wp:attachment":[{"href":"https:\/\/pandc.10z.com.ar\/index.php?rest_route=%2Fwp%2Fv2%2Fmedia&parent=2097"}],"wp:term":[{"taxonomy":"category","embeddable":true,"href":"https:\/\/pandc.10z.com.ar\/index.php?rest_route=%2Fwp%2Fv2%2Fcategories&post=2097"},{"taxonomy":"post_tag","embeddable":true,"href":"https:\/\/pandc.10z.com.ar\/index.php?rest_route=%2Fwp%2Fv2%2Ftags&post=2097"}],"curies":[{"name":"wp","href":"https:\/\/api.w.org\/{rel}","templated":true}]}}