{"id":2094,"date":"2010-01-21T21:22:51","date_gmt":"2010-01-21T23:22:51","guid":{"rendered":"http:\/\/pandc.10z.com.ar\/?p=2094"},"modified":"2011-06-26T23:06:33","modified_gmt":"2011-06-27T02:06:33","slug":"pasion-vega-pasion-en-buenos-aires-2009","status":"publish","type":"post","link":"https:\/\/pandc.10z.com.ar\/?p=2094","title":{"rendered":"Pasi\u00f3n Vega &#8211; Pasi\u00f3n En Buenos Aires (2009)"},"content":{"rendered":"<p style=\"text-align: center;\"><a href=\"https:\/\/pandc.10z.com.ar\/wp-content\/img\/PasionFrente.jpg\" target=\"_blank\"><img loading=\"lazy\" decoding=\"async\" class=\"aligncenter\" title=\"PasionFr\" src=\"https:\/\/pandc.10z.com.ar\/wp-content\/img\/PasionFrente.jpg\" alt=\"\" width=\"400\" height=\"400\" \/><\/a><\/p>\n<p style=\"text-align: center;\">\n<p><strong>Antonio, nuevo \u00abC\u00f3mplice\u00bb del blog, llega con este muy buen disco en vivo de Pasi\u00f3n Vega. A disfrutarlo!<\/strong><\/p>\n<p>Pasi\u00f3n Vega, nombre art\u00edstico de Ana Mar\u00eda Alias Vega, (Madrid, 23 de abril de 1976), cantante espa\u00f1ola.<\/p>\n<p>Pasi\u00f3n Vega se cri\u00f3 en M\u00e1laga, aunque est\u00e1 ligada sentimentalmente a la ciudad de C\u00e1diz, y especialmente con su tradicional barrio de La Vi\u00f1a donde reside en la actualidad y con cuyo Coro de La Vi\u00f1a ha cantado esas Habaneras de C\u00e1diz (Antonio Burgos-Carlos Cano) en homenaje a la ciudad y a su admirado Carlos Cano.<\/p>\n<p>Pasi\u00f3n Vega es aficionada al flamenco, al que respeta profundamente, muestra de su inter\u00e9s en el g\u00e9nero es su colaboraci\u00f3n con el espect\u00e1culo El eterno retorno de la joven bailaora Roc\u00edo Molina, en el Festival M\u00e1laga en flamenco de 2005 y en varios espect\u00e1culos de la bailaora a lo largo de 2006.<\/p>\n<p>Del mismo modo ocupan un lugar destacado entre los referentes musicales de Pasi\u00f3n Vega la canci\u00f3n de autor (Serrat, Sabina, Carlos Cano), el tango (Carlos Gardel), el bolero, la m\u00fasica italiana, las rancheras, los grandes crooners como Frank Sinatra, el fado y otras m\u00fasicas de ra\u00edz popular.<\/p>\n<p>Ya en su primer disco deja ver sus influencias, homenajeando al tango con El d\u00eda que me quieras de Gardel-Le Pera, y las reconfirma en este s\u00e9ptimo \u00e1lbum \u00abPasi\u00f3n en Buenos Aires\u00bb, grabado en el Teatro \u00abEl Nacional\u00bb argentino el pasado mes de mayo de 2009, en un concierto \u00abespectacular\u00bb que le sirvi\u00f3 para reafirmarse en la idea de que \u00abla m\u00fasica es universal y que una copla o una ranchera conmueve a cualquier persona\u00bb.<\/p>\n<p>Buenos Aires fue el elegido, porque, tras ocho a\u00f1os de carrera, Pasi\u00f3n Vega, cantante madrile\u00f1a criada en M\u00e1laga, ha encontrado en esta ciudad a un \u00abp\u00fablico entregado que incluso ped\u00eda canciones antiguas\u00bb. Una experiencia que califica de \u00absatisfacci\u00f3n enorme\u00bb, por eso, quer\u00eda seguir \u00abfomentando ese cari\u00f1o y empat\u00eda\u00bb.<\/p>\n<p>El concierto de Buenos Aires dibuja \u00abun cafet\u00edn argentino\u00bb, explica Vega, que con su gramola y sus sillas acoge incluso a un quinteto de tango. La voz de Miguel de Molina da entonces paso a una segunda parte en la que la copla presenta a una Pasi\u00f3n Vega ataviada de un mant\u00f3n y unos flecos para finalizar con un tributo a M\u00e9xico, que se ampl\u00eda a toda Latinoam\u00e9rica.<\/p>\n<p>\u00abFue un concierto con muchas influencias del tango pero siempre con la esencia original andaluza\u00bb, explica Pasi\u00f3n Vega, quien de esta forma ha dejado \u00ablatente\u00bb que \u00abno hay tanto espacio e incluso hay una mezcla entre la cultura musical espa\u00f1ola y latinoamericana\u00bb.<\/p>\n<p>\u00abLlegu\u00e9 a Buenos Aires con mis pasiones\u00bb, explica la cantante en una nota de su disco, \u00aby en La Plata saqu\u00e9 de mi chistera un tango de la Plaza de las Flores, la voz del exilio de mi paisano Miguel de Molina, el coraje de quien sabe que el desamor es una cita ineludible, la memoria imborrable de Carlos Gardel, la parte sentenciosa de Jos\u00e9 Alfredo Jim\u00e9nez, la universalidad de los ritmos andaluces, mi acento marinero y salado y todos los agradecimientos posibles y necesarios que doy a la vida por darme la posibilidad de nacer para este momento\u00bb, a\u00f1adi\u00f3.<\/p>\n<p>Acompa\u00f1ada por su grupo habitual y, ocasionalmente, por un mariachi y por un grupo de tangos, es la primera vez que Vega publica en directo sus recreaciones de grandes cl\u00e1sicos, como &#8216;Gracias a la vida&#8217;, &#8216;Volver&#8217;, &#8216;Cambalache&#8217;, &#8216;El jinete&#8217;, &#8216;Noche de ronda&#8217;, &#8216;Fina estampa&#8217;, &#8216;Garganta con arena, &#8216;La bien pag\u00e1&#8217;, &#8216;Y sin embargo te quiero&#8217; o &#8216;Distancia&#8217;.<\/p>\n<p>***<\/p>\n<p><strong>Tracklist:<\/strong><\/p>\n<p>01. Cuesta abajo<br \/>\n02. Nostalgias<br \/>\n03. La copa rota<br \/>\n04. Y sin embargo te quiero<br \/>\n05. Mar\u00eda la portuguesa<br \/>\n06. Ella<br \/>\n07. El jinete<br \/>\n08. Vete de m\u00ed<br \/>\n09. Fina estampa<br \/>\n10. Tan poquita cosa<br \/>\n11. Gracias a la vida<br \/>\n12. Luc\u00eda<br \/>\n13. Malague\u00f1a salerosa<\/p>\n<p>***<\/p>\n<p><a href=\"http:\/\/www.megaupload.com\/?d=RAN185MC\"><strong>MU Aqu\u00ed<\/strong><\/a><\/p>\n<p><a href=\"http:\/\/rapidshare.com\/files\/338544313\/PasVe09BuAir.rar\">RS Aqu\u00ed<\/a><\/p>\n<p>***<\/p>\n","protected":false},"excerpt":{"rendered":"<p>Antonio, nuevo \u00abC\u00f3mplice\u00bb del blog, llega con este muy buen disco en vivo de Pasi\u00f3n Vega. A disfrutarlo! Pasi\u00f3n Vega, nombre art\u00edstico de Ana Mar\u00eda Alias Vega, (Madrid, 23 de abril de 1976), cantante espa\u00f1ola. Pasi\u00f3n Vega se cri\u00f3 en M\u00e1laga, aunque est\u00e1 ligada sentimentalmente a la ciudad de C\u00e1diz, y especialmente con su tradicional [&hellip;]<\/p>\n","protected":false},"author":4,"featured_media":0,"comment_status":"open","ping_status":"open","sticky":false,"template":"","format":"standard","meta":{"footnotes":""},"categories":[243],"tags":[150,15],"class_list":["post-2094","post","type-post","status-publish","format-standard","hentry","category-pasion-vega","tag-espana","tag-tango"],"_links":{"self":[{"href":"https:\/\/pandc.10z.com.ar\/index.php?rest_route=\/wp\/v2\/posts\/2094","targetHints":{"allow":["GET"]}}],"collection":[{"href":"https:\/\/pandc.10z.com.ar\/index.php?rest_route=\/wp\/v2\/posts"}],"about":[{"href":"https:\/\/pandc.10z.com.ar\/index.php?rest_route=\/wp\/v2\/types\/post"}],"author":[{"embeddable":true,"href":"https:\/\/pandc.10z.com.ar\/index.php?rest_route=\/wp\/v2\/users\/4"}],"replies":[{"embeddable":true,"href":"https:\/\/pandc.10z.com.ar\/index.php?rest_route=%2Fwp%2Fv2%2Fcomments&post=2094"}],"version-history":[{"count":0,"href":"https:\/\/pandc.10z.com.ar\/index.php?rest_route=\/wp\/v2\/posts\/2094\/revisions"}],"wp:attachment":[{"href":"https:\/\/pandc.10z.com.ar\/index.php?rest_route=%2Fwp%2Fv2%2Fmedia&parent=2094"}],"wp:term":[{"taxonomy":"category","embeddable":true,"href":"https:\/\/pandc.10z.com.ar\/index.php?rest_route=%2Fwp%2Fv2%2Fcategories&post=2094"},{"taxonomy":"post_tag","embeddable":true,"href":"https:\/\/pandc.10z.com.ar\/index.php?rest_route=%2Fwp%2Fv2%2Ftags&post=2094"}],"curies":[{"name":"wp","href":"https:\/\/api.w.org\/{rel}","templated":true}]}}