{"id":2005,"date":"2020-01-15T19:57:00","date_gmt":"2020-01-15T22:57:00","guid":{"rendered":"http:\/\/pandc.10z.com.ar\/?p=2005"},"modified":"2020-01-21T00:36:35","modified_gmt":"2020-01-21T03:36:35","slug":"ana-belen-ana-belen-en-italiano-1982","status":"publish","type":"post","link":"https:\/\/pandc.10z.com.ar\/?p=2005","title":{"rendered":"Ana Bel\u00e9n &#8211; Ana Bel\u00e9n en Italiano (1982)"},"content":{"rendered":"<p><a href=\"https:\/\/pandc.10z.com.ar\/wp-content\/img\/Anaitalianofront.JPG\" target=\"_blank\" rel=\"noopener noreferrer\"><img loading=\"lazy\" decoding=\"async\" class=\"aligncenter\" src=\"https:\/\/pandc.10z.com.ar\/wp-content\/img\/Anaitalianofront.JPG\" alt=\"\" width=\"400\" height=\"400\"><\/a><\/p>\n<p style=\"text-align: center;\"><a href=\"https:\/\/pandc.10z.com.ar\/wp-content\/img\/anaitalianoback.JPG\" target=\"_blank\" rel=\"noopener noreferrer\"><img loading=\"lazy\" decoding=\"async\" class=\"aligncenter\" src=\"https:\/\/pandc.10z.com.ar\/wp-content\/img\/anaitalianoback.JPG\" alt=\"\" width=\"400\" height=\"400\"><\/a><\/p>\n<p style=\"text-align: left;\">Este disco fue solamente editado en Italia. Fue grabado entre 1980 y 1981 pero reci\u00e9n editado en 1982 por la CBS. Est\u00e1 totalmente cantado en italiano, y contiene algunos de los \u00e9xitos de <strong>Ana Bel\u00e9n<\/strong> hasta aquel momento, versionadas por <strong>Adelio Cogliati<\/strong>, junto a algunas canciones de autores italianos, como <em>Baldan Bembo o Bert\u00e9<\/em>.<\/p>\n<p><strong>Tracklist:<\/strong><\/p>\n<p>01. Sei l&#8217;amore mio&#8230; agapimu<br \/>\n<em>(D.Bert\u00e9 \/ D.Baldan Bembo)<\/em><br \/>\n02. Il tempo dell&#8217;oscurita<br \/>\n<em>(Victor Manuel \/ D. Vaona)<\/em><br \/>\n03. Molto pi\u00f9<br \/>\n<em>(Dan Fogelberg)<\/em><br \/>\n04. Gli amori di Anna<br \/>\n<em>(M.Abades)<\/em><br \/>\n05. Canzone per David<br \/>\n<em>(Victor Manuel \/ I.Eyana)<\/em><br \/>\n06.L&#8217;uomo del piano<br \/>\n<em>(Billy Joel)<\/em><br \/>\n07. Fior di pelle<br \/>\n<em>(Luis Eduardo Aute)<\/em><br \/>\n08. Con la mia libert\ufffd<br \/>\n<em>(Victor Manuel)<\/em><br \/>\n09. Banana Republic<br \/>\n<em>(Ana Belen \/ Victor Manuel)<\/em><\/p>\n<p>***********<\/p>\n<p><a href=\"https:\/\/yadi.sk\/d\/jfxDZowjZNCAUQ\"><strong>Descarga directa<\/strong><\/a><\/p>\n<p>***<\/p>\n","protected":false},"excerpt":{"rendered":"<p>Este disco fue solamente editado en Italia. Fue grabado entre 1980 y 1981 pero reci\u00e9n editado en 1982 por la CBS. Est\u00e1 totalmente cantado en italiano, y contiene algunos de los \u00e9xitos de Ana Bel\u00e9n hasta aquel momento, versionadas por Adelio Cogliati, junto a algunas canciones de autores italianos, como Baldan Bembo o Bert\u00e9. Tracklist: [&hellip;]<\/p>\n","protected":false},"author":5,"featured_media":0,"comment_status":"open","ping_status":"open","sticky":false,"template":"","format":"standard","meta":{"footnotes":""},"categories":[240],"tags":[150,3,41,220],"class_list":["post-2005","post","type-post","status-publish","format-standard","hentry","category-ana-belen","tag-espana","tag-italia","tag-pop","tag-vocal"],"_links":{"self":[{"href":"https:\/\/pandc.10z.com.ar\/index.php?rest_route=\/wp\/v2\/posts\/2005","targetHints":{"allow":["GET"]}}],"collection":[{"href":"https:\/\/pandc.10z.com.ar\/index.php?rest_route=\/wp\/v2\/posts"}],"about":[{"href":"https:\/\/pandc.10z.com.ar\/index.php?rest_route=\/wp\/v2\/types\/post"}],"author":[{"embeddable":true,"href":"https:\/\/pandc.10z.com.ar\/index.php?rest_route=\/wp\/v2\/users\/5"}],"replies":[{"embeddable":true,"href":"https:\/\/pandc.10z.com.ar\/index.php?rest_route=%2Fwp%2Fv2%2Fcomments&post=2005"}],"version-history":[{"count":0,"href":"https:\/\/pandc.10z.com.ar\/index.php?rest_route=\/wp\/v2\/posts\/2005\/revisions"}],"wp:attachment":[{"href":"https:\/\/pandc.10z.com.ar\/index.php?rest_route=%2Fwp%2Fv2%2Fmedia&parent=2005"}],"wp:term":[{"taxonomy":"category","embeddable":true,"href":"https:\/\/pandc.10z.com.ar\/index.php?rest_route=%2Fwp%2Fv2%2Fcategories&post=2005"},{"taxonomy":"post_tag","embeddable":true,"href":"https:\/\/pandc.10z.com.ar\/index.php?rest_route=%2Fwp%2Fv2%2Ftags&post=2005"}],"curies":[{"name":"wp","href":"https:\/\/api.w.org\/{rel}","templated":true}]}}