{"id":1982,"date":"2010-01-10T09:05:29","date_gmt":"2010-01-10T11:05:29","guid":{"rendered":"http:\/\/pandc.10z.com.ar\/?p=1982"},"modified":"2010-01-10T09:06:31","modified_gmt":"2010-01-10T11:06:31","slug":"leon-gieco-un-leon-d-mente-2009","status":"publish","type":"post","link":"https:\/\/pandc.10z.com.ar\/?p=1982","title":{"rendered":"Le\u00f3n Gieco &#8211; Un Le\u00f3n D-Mente (2009)"},"content":{"rendered":"<p style=\"text-align: center;\"><a href=\"https:\/\/pandc.10z.com.ar\/wp-content\/img\/Leondmentefront.jpg\" target=\"_blank\"><img loading=\"lazy\" decoding=\"async\" class=\"aligncenter\" src=\"https:\/\/pandc.10z.com.ar\/wp-content\/img\/Leondmentefront.jpg\" alt=\"\" width=\"400\" height=\"360\" \/><\/a><\/p>\n<p><a href=\"https:\/\/pandc.10z.com.ar\/wp-content\/img\/Leondmenteback.jpg\" target=\"_blank\"><img loading=\"lazy\" decoding=\"async\" class=\"aligncenter\" src=\"https:\/\/pandc.10z.com.ar\/wp-content\/img\/Leondmenteback.jpg\" alt=\"\" width=\"400\" height=\"350\" \/><\/a><\/p>\n<p style=\"text-align: center;\"><a href=\"https:\/\/pandc.10z.com.ar\/wp-content\/img\/Leondmenteinlay.jpg\" target=\"_blank\"><img loading=\"lazy\" decoding=\"async\" class=\"aligncenter\" src=\"https:\/\/pandc.10z.com.ar\/wp-content\/img\/Leondmenteinlay.jpg\" alt=\"\" width=\"400\" height=\"350\" \/><\/a><\/p>\n<p style=\"text-align: left;\"><strong>Le\u00f3n Gieco<\/strong> <em>(Ra\u00fal Alberto Antonio Gieco)<\/em> naci\u00f3 el 20 de noviembre de 1951 en Ca\u00f1ada Rosqu\u00edn, que es un peque\u00f1o pueblo de la provincia de Santa Fe (Argentina).\u00a0 A los dieciocho a\u00f1os fue a probar suerte a la ciudad de Buenos Aires. All\u00ed conoci\u00f3 a <strong>Litto Nebbia, y a Gustavo Santaolalla<\/strong>, quien le dio la oportunidad de tocar al comienzo de los espect\u00e1culos de artistas m\u00e1s reconocidos.<\/p>\n<p>Consigui\u00f3 tocar con diferentes artistas, entre los cuales estaba<strong> David Leb\u00f3n<\/strong>, y en el Buenos Aires Rock Festival en 1971, 1972, y 1973. Ese mismo a\u00f1o fue lanzado su primer \u00e1lbum, grabado de manera independiente junto a <strong>Gustavo Santaolalla<\/strong> durante los dos a\u00f1os anteriores. Su canci\u00f3n principal fue <em>En el pa\u00eds de la libertad<\/em>, y el disco logr\u00f3 bastante reconocimiento.<\/p>\n<p>En 1981 dio un concierto en Buenos Aires acompa\u00f1ado solamente por su guitarra, su arm\u00f3nica, y su charango. Luego grab\u00f3 <em>Pensar en nada<\/em>. Ese mismo a\u00f1o comenz\u00f3 una serie de conciertos independientes a lo largo de 110.000 km, por 3 a\u00f1os, tocando para un total de 420.000 personas.<\/p>\n<p>Recopil\u00f3 material de los diferentes lugares que visit\u00f3 en Argentina durante esa gira y grab\u00f3 en Buenos Aires junto a varios m\u00fasicos aut\u00f3ctonos el primer volumen de <em>De Ushuaia a La Quiaca<\/em> en 1985. El siguiente <em>De Ushuaia a La Quiaca 2<\/em> y <em>De Ushuaia a La Quiaca 3<\/em> fueron grabados en un estudio m\u00f3vil en diferentes ciudades del pa\u00eds.<\/p>\n<p>En 1985 fue a Mosc\u00fa para el 12.\u00ba Festival Mundial de la Juventud y los Estudiantes junto a <strong>Juan Carlos Baglietto y Litto Nebbia<\/strong> en representaci\u00f3n de Argentina. Tambi\u00e9n dio conciertos en Alemania con su amiga <strong>Mercedes Sosa<\/strong>, y al regresar a Argentina dio otra gira por el pa\u00eds en 1986.<\/p>\n<p>Cuando volvi\u00f3, dio dos recitales gratuitos; uno ante cuarenta mil espectadores en la ciudad de Rosario, y otro para treinta y cinco mil en Buenos Aires. En el estadio de Boca Juniors dio un recital junto a <strong>Pablo Milan\u00e9s<\/strong> y <strong>Chico Buarque<\/strong>, y m\u00fasicos invitados como <strong>Mercedes Sosa, Fito P\u00e1ez, Nito Mestre, Juan Carlos Baglietto y Sixto Palavecino<\/strong>. A fines de ese a\u00f1o, realiz\u00f3 una gira mundial que incluy\u00f3 pa\u00edses tales como M\u00e9xico, Per\u00fa, Brasil, Suecia, Alemania y Dinamarca.<\/p>\n<p>Nuevamente, en 1988, toc\u00f3 en Alemania y Austria. De regreso en Argentina particip\u00f3 del \u00faltimo concierto del <em>Amnesty International <\/em>tour en el estadio Monumental de River Plate, con <strong>Charly Garc\u00eda, Peter Gabriel, Bruce Springsteen, Sting<\/strong>, entre otros.<\/p>\n<p>Luego de ocho a\u00f1os de gira, Semillas del coraz\u00f3n de 1989 marc\u00f3 su regreso a los estudios. Ese mismo a\u00f1o, toc\u00f3 en el Teatro \u00d3pera en Buenos Aires con la leyenda estadounidense de la m\u00fasica folk<strong> Pete Seeger<\/strong>. El material fue editado en el disco de 1990 Concierto en vivo. El a\u00f1o siguiente, <strong>Seeger<\/strong> lo invit\u00f3 a unirse a una gira por Washington, Boston y Nueva York. All\u00ed toc\u00f3 con<strong> David Byrne<\/strong>, a quien ya hab\u00eda conocido en Buenos Aires un tiempo antes.<\/p>\n<p><strong>Le\u00f3n Gieco<\/strong> es, adem\u00e1s, conocido por su transparencia y honestidad, mantuvo un discurso de fuerte compromiso con las injusticias sociales y los derechos humanos. En lo sucesivo ha seguido grabando discos, haciendo presentaciones en vivo y exitosas giras, tanto en la Argentina como en el resto del mundo.<\/p>\n<p><strong>***<\/strong><\/p>\n<p>Que pasar\u00eda si se junta el autor de himnos del cancionero popular argentino con un grupo de heavy metal?. La respuesta es<em> \u201cUn Le\u00f3n demente\u201d<\/em>,\u00a0 la uni\u00f3n del grupo <strong>D-Mente<\/strong>,\u00a0 liderado por <strong>Andr\u00e9s Gimenez<\/strong> y <strong>Le\u00f3n Gieco<\/strong>.\u00a0 Trece temas que todos conocemos reversionados y mostrando una forma nueva, revigorizando su valor.<br \/>\nUn Le\u00f3n demente es un disco que le gustar\u00e1 incluso al que no le gusta el rock and roll crudo.<\/p>\n<p>La idea surgi\u00f3 de las tantas veces que <strong>Leon<\/strong> subi\u00f3 al escenario como invitado de <strong>D-Mente<\/strong>, y as\u00ed llegaron al estudio para realizar una de las colaboraciones mas interesantes que se han dado en el rock argentino reciente.<\/p>\n<p>***<\/p>\n<p><a href=\"http:\/\/rapidshare.com\/files\/329367845\/LGDmente.PC.rar\"><strong>Aqu\u00ed<\/strong><\/a><\/p>\n<p>***<\/p>\n","protected":false},"excerpt":{"rendered":"<p>Le\u00f3n Gieco (Ra\u00fal Alberto Antonio Gieco) naci\u00f3 el 20 de noviembre de 1951 en Ca\u00f1ada Rosqu\u00edn, que es un peque\u00f1o pueblo de la provincia de Santa Fe (Argentina).\u00a0 A los dieciocho a\u00f1os fue a probar suerte a la ciudad de Buenos Aires. All\u00ed conoci\u00f3 a Litto Nebbia, y a Gustavo Santaolalla, quien le dio la [&hellip;]<\/p>\n","protected":false},"author":5,"featured_media":0,"comment_status":"open","ping_status":"open","sticky":false,"template":"","format":"standard","meta":{"footnotes":""},"categories":[237],"tags":[23,39,168],"class_list":["post-1982","post","type-post","status-publish","format-standard","hentry","category-leon-gieco","tag-latino","tag-rock","tag-rock-argentino"],"_links":{"self":[{"href":"https:\/\/pandc.10z.com.ar\/index.php?rest_route=\/wp\/v2\/posts\/1982","targetHints":{"allow":["GET"]}}],"collection":[{"href":"https:\/\/pandc.10z.com.ar\/index.php?rest_route=\/wp\/v2\/posts"}],"about":[{"href":"https:\/\/pandc.10z.com.ar\/index.php?rest_route=\/wp\/v2\/types\/post"}],"author":[{"embeddable":true,"href":"https:\/\/pandc.10z.com.ar\/index.php?rest_route=\/wp\/v2\/users\/5"}],"replies":[{"embeddable":true,"href":"https:\/\/pandc.10z.com.ar\/index.php?rest_route=%2Fwp%2Fv2%2Fcomments&post=1982"}],"version-history":[{"count":0,"href":"https:\/\/pandc.10z.com.ar\/index.php?rest_route=\/wp\/v2\/posts\/1982\/revisions"}],"wp:attachment":[{"href":"https:\/\/pandc.10z.com.ar\/index.php?rest_route=%2Fwp%2Fv2%2Fmedia&parent=1982"}],"wp:term":[{"taxonomy":"category","embeddable":true,"href":"https:\/\/pandc.10z.com.ar\/index.php?rest_route=%2Fwp%2Fv2%2Fcategories&post=1982"},{"taxonomy":"post_tag","embeddable":true,"href":"https:\/\/pandc.10z.com.ar\/index.php?rest_route=%2Fwp%2Fv2%2Ftags&post=1982"}],"curies":[{"name":"wp","href":"https:\/\/api.w.org\/{rel}","templated":true}]}}