{"id":1969,"date":"2010-01-06T13:52:56","date_gmt":"2010-01-06T16:52:56","guid":{"rendered":"http:\/\/pandc.10z.com.ar\/?p=1969"},"modified":"2011-07-01T11:44:34","modified_gmt":"2011-07-01T14:44:34","slug":"v-a-1%c2%b0-festival-di-sanremo-1951","status":"publish","type":"post","link":"https:\/\/pandc.10z.com.ar\/?p=1969","title":{"rendered":"V.A. &#8211; 1\u00b0 Festival Di Sanremo (1951)"},"content":{"rendered":"<p style=\"text-align: center;\"><a href=\"https:\/\/pandc.10z.com.ar\/wp-content\/img\/Sanremo1Front.jpg\" target=\"_blank\"><img loading=\"lazy\" decoding=\"async\" class=\"aligncenter\" title=\"Sanremo1front\" src=\"https:\/\/pandc.10z.com.ar\/wp-content\/img\/Sanremo1Front.jpg\" alt=\"\" width=\"400\" height=\"400\" \/><\/a><\/p>\n<p style=\"text-align: center;\">\n<p style=\"text-align: center;\"><a href=\"https:\/\/pandc.10z.com.ar\/wp-content\/img\/Sanremo1Retro.jpg\" target=\"_blank\"><img loading=\"lazy\" decoding=\"async\" class=\"aligncenter\" title=\"Sanremo1Retro\" src=\"https:\/\/pandc.10z.com.ar\/wp-content\/img\/Sanremo1Retro.jpg\" alt=\"\" width=\"400\" height=\"400\" \/><\/a><\/p>\n<p style=\"text-align: center;\">\n<p>El mito de la canci\u00f3n italiana, \u00abIl Festival della Canzone Italiana\u00bb, naci\u00f3 en el Casino de Sanremo, que fue por 25 a\u00f1os la \u00fanica sede exclusiva. M\u00e1s, como y por qu\u00e9 naci\u00f3?<br \/>\nEn 1948 se organiz\u00f3 en \u00abLa Capannina\u00bb, hist\u00f3rico local de la Versilia, el primer \u00abFestival Canoro Nazionale\u00bb. La iniciativa se repiti\u00f3 el a\u00f1o siguiente, pero fue cancelada en 1950 por cuestiones econ\u00f3micas. Volvi\u00f3 a tomar la idea<br \/>\nPier Bussetti del Casino de Sanremo, que junto con Giulio Razzi, compuso el reglamento el concurso que tuvo lugar por primera vez en Sanremo en 1951.<br \/>\nNaci\u00f3 as\u00ed el \u00abFestival della canzone italiana\u00bb, conocido tambi\u00e9n como \u00abFestival di Sanremo\u00bb.<\/p>\n<p>Cuando naci\u00f3 la idea del festival, la ciudad de Sanremo estaba todav\u00eda en mal estado, con muchos problemas para resolver. El Teatro comunal hab\u00eda sido destruido por los bombardeos, la guerra hab\u00eda terminado reci\u00e9n, pero hab\u00eda la voluntad de salir adelante, la intenci\u00f3n de retomar su rol primario en el campo del turismo y la floricultura.<br \/>\nEn aquellos a\u00f1os exist\u00eda solamente la radio que era la protagonista, y las canciones que difund\u00eda se convirtieron en el s\u00edmbolo de la sociedad italiana.<br \/>\nSe cuenta que el festival naciera casi por casualidad, en medio de la indiferencia. Fue el p\u00fablico, al contrario, a decretar el gran \u00e9xito de la manifestaci\u00f3n.<\/p>\n<p>Gracias al inter\u00e9s de algunos personajes y del gestor de la \u00abCasa da Gioco\u00bb Pier Busseti, y del maestro Razzi de la RAI, naci\u00f3 as\u00ed el \u00abFestival di Sanremo\u00bb\u00a0 y fue la Radio a difundir, en la velada del lunes 29 de enero de 1951, las primeras notas del festival en las casas italianas, transmitiendo en directa desde uno de los locales m\u00e1s elegantes: el sal\u00f3n de fiestas del casino.<br \/>\nEl presentador Nunzio Filogamo anunci\u00f3 el comienzo del Festival con el saludo, que se convirti\u00f3 en su lema, \u00abCari Amici, vicini e lontani&#8230;\u00bb (Queridos Amigos, vecinos y lejanos&#8230;).<\/p>\n<p><strong>1951 PRIMERA EDICI\u00d3N DEL FESTIVAL DE SANREMO<\/strong><br \/>\nEl mito de la canci\u00f3n, naci\u00f3 en el casino de Sanremo y ah\u00ed se qued\u00f3 por 25 a\u00f1os. La primera edici\u00f3n se desarroll\u00f3 del 29 al 31 de enero, organizada por la RAI junto con el mismo casino de Sanremo, La direcci\u00f3n art\u00edstica fue a cargo del Maestro Giulio Razzi. Las veladas difundidas en directa, empezaron a las 20:00 horas.<\/p>\n<p>Orquestas: \u00abOrchestra della canzone\u00bb dirigida por el maestro Cinico Angelini; \u00abAngelini e Otto elementi\u00bb.<br \/>\nLas veinte canciones seleccionadas fueron interpretadas por Nilla Pizzi, Achille Togliani y el Duo Fasano.<\/p>\n<p>Vienen presentadas diez canciones por velada en los dos primeros d\u00edas. Al final de cada velada el p\u00fablico presente en sala vota y decide cuales son las cinco canciones que pasar\u00e1n a la final. En el transcurso de la tercera noche tiene lugar la final, en la que el p\u00fablico vota las tres primeras canciones.<\/p>\n<p>Gan\u00f3 Nilla Pizzi, con la canci\u00f3n \u00abGrazie dei fior\u00bb, grabando posteriormente el disco que tuvo un gran \u00e9xito sea de p\u00fablico que de venta para la \u00e9poca, vendiendo 36000 copias.<\/p>\n<p><strong>CANCIONES PARTICIPANTES, INT\u00c9RPRETES Y AUTORES:<\/strong><\/p>\n<p>\u00abAl mercato di Pizzighettone\u00bb cantata da: Achille Togliani con Duo Fasano \u2013 Autori: Ravasini &amp; Locatelli<br \/>\n\u00abEco tra gli abeti\u00bb cantata da: Nilla Pizzi con Achille Togliani \u2013 Autori. C.A. Rossi &amp; Bonagura<br \/>\n\u00ab\u00c8 l&#8217;alba\u00bb interprete: Nilla Pizzi \u2013 Autori Testoni &amp; Trovajoli<br \/>\n\u00abFamme Durm\u00ec\u00bb cantata da: Achille Togliani e Duo Fasano \u2013 Autori: Dampa &amp; Panzuti<br \/>\n\u00abGrazie dei Fior\u00bb cantata da: Nilla Pizzi \u2013 Autori: Testoni \u2013 Panzeri &#8211; Seracini<br \/>\n\u00abHo pianto una volta\u00bb cantata da: Nilla Pizzi \u2013 Autori: Pinchi &amp; Oliveri<br \/>\n\u00abLa cicogna distratta\u00bb interprete: Duo Fasano \u2013 Autori: Valleroni \u2013 Carrel- Da Rovere<br \/>\n\u00abLa luna si veste d&#8217;argento\u00bb con Nilla Pizzi e Achille Togliani \u2013 Autori: Biri &amp; Mascheroni<br \/>\n\u00abLa margherita\u00bb Nilla Pizzi con Duo Fasano \u2013 Autori: E.B. Valdes<br \/>\n\u00abMai pi\u00f9\u00bb cantata da: Achille Togliani \u2013 Autori: Fuselli &amp; Rolando<br \/>\n\u00abMani che si cercano\u00bb interprete: Achille Togliani\u201d \u2013 Autori: Redi &amp; Colombo<br \/>\n\u00abMia cara Napoli\u00bb cantata da: Nilla Pizzi \u2013 Autori: Ruccione &amp; Mazzocco<br \/>\n\u00abNotte di Sanremo\u00bb interprete: Nilla Pizzi \u2013 Autori: E.L.Poletto<br \/>\n\u00abOro di Napoli\u00bb cantata da: Nilla Pizzi \u2013 Autori: Brigata &amp; Bertini<br \/>\n\u00abSedici anni\u00bb interprete: Achille Togliani\u201d \u2013 Autori: Gambetti &amp; Mari<br \/>\n\u00abSei fatta per me\u00bb cantata da: Achille Togliani\u201d &#8211; Autori: Quattrini &amp; Fasino<br \/>\n\u00abSerenata a nessuno\u00bb Achille Togliani &#8211; Autori: Walter Coli<br \/>\n\u00abSorrentinella\u00bb interprete: Duo Fasano \u2013 Autori: Seracini &amp; Arrigo<br \/>\n\u00abSotto il mandorlo\u00bb cantata da: Duo Fasano \u2013 Autori: Testoni \u2013 Panzeri- Donida<br \/>\n\u00abTutto \u00e8 finito\u00bb interprete: Nilla Pizzi \u2013 Autori: Errico \u2013O. Odorici \u2013 S.Odorici<\/p>\n<p><strong>CANCIONES FINALISTAS: <\/strong><\/p>\n<p>1. Grazie dei fior (Gian Carlo Testoni-Mario Panzeri-Saverio Seracini) Nilla Pizzi<br \/>\n2. La luna si veste d&#8217;argento (Vittorio Mascheroni-Biri) Nilla Pizzi e Achille Togliani<br \/>\n3. Serenata a nessuno (Walter Col\u00ec) Achille Togliani<br \/>\n* Al mercato di Pizzighettone (Nino Ravasini-Aldo Locatelli) Achille Togliani e Duo Fasano<br \/>\n* Eco tra gli abeti (Carlo Alberto Rossi-Bonagura) Nilla Pizzi e Achille Togliani<br \/>\n* Famme durmi&#8217; (Panzuti-Dampa) Achille Togliani e Duo Fasano<br \/>\n* La cicogna distratta (Aldo Valleroni-Da Rovere-Carrel) Duo Fasano<br \/>\n* La margherita (E.B.Valdes) Nilla Pizzi e Duo Fasano<br \/>\n* Sedici anni (Gambetti-Mario Mari) Achille Togliani<br \/>\n* Sotto il mandorlo (Gian Carlo Testoni-Mario Panzeri-Carlo Donida) Duo Fasano<\/p>\n<p>***<\/p>\n<p><strong>Tracklist:<\/strong><\/p>\n<p>01. Nilla Pizzi &#8211; Grazie Dei Fiori<br \/>\n02. Nilla Pizzi &amp; Achille Togliani &#8211; La Luna si veste d&#8217;argento<br \/>\n03. Achille Togliani &#8211; Serenata A Nessuno<br \/>\n04. Achille Togliani &amp; Duo Fasano &#8211; Al Mercato Di Pizzighettone<br \/>\n05. Nilla Pizzi &amp; Achille Togliani &#8211; L&#8217;eco Fra Gli Abeti<br \/>\n06. Achille Togliani &amp; Duo Fasano &#8211; Famme Durmi&#8217;<br \/>\n07. Duo Fasano &#8211; La Cicogna Distratta<br \/>\n08. Nilla Pizzi &amp; Duo Fasano &#8211; La margherita<br \/>\n09. AchilleTogliani &#8211; Sedici Anni<br \/>\n10. Duo Fasano &#8211; Sotto Il Mandorlo<\/p>\n<p>***<\/p>\n<p><a href=\"http:\/\/www.megaupload.com\/?d=QN9FON2M\"><strong>MU Aqu\u00ed<\/strong><\/a><\/p>\n<p><a href=\"http:\/\/rapidshare.com\/files\/331279842\/VA1FestSanr51.rar\">RS Aqu\u00ed<\/a><\/p>\n<p>***<\/p>\n","protected":false},"excerpt":{"rendered":"<p>El mito de la canci\u00f3n italiana, \u00abIl Festival della Canzone Italiana\u00bb, naci\u00f3 en el Casino de Sanremo, que fue por 25 a\u00f1os la \u00fanica sede exclusiva. M\u00e1s, como y por qu\u00e9 naci\u00f3? En 1948 se organiz\u00f3 en \u00abLa Capannina\u00bb, hist\u00f3rico local de la Versilia, el primer \u00abFestival Canoro Nazionale\u00bb. La iniciativa se repiti\u00f3 el a\u00f1o [&hellip;]<\/p>\n","protected":false},"author":4,"featured_media":0,"comment_status":"open","ping_status":"open","sticky":false,"template":"","format":"standard","meta":{"footnotes":""},"categories":[50,11],"tags":[3],"class_list":["post-1969","post","type-post","status-publish","format-standard","hentry","category-sanremo","category-v-a","tag-italia"],"_links":{"self":[{"href":"https:\/\/pandc.10z.com.ar\/index.php?rest_route=\/wp\/v2\/posts\/1969","targetHints":{"allow":["GET"]}}],"collection":[{"href":"https:\/\/pandc.10z.com.ar\/index.php?rest_route=\/wp\/v2\/posts"}],"about":[{"href":"https:\/\/pandc.10z.com.ar\/index.php?rest_route=\/wp\/v2\/types\/post"}],"author":[{"embeddable":true,"href":"https:\/\/pandc.10z.com.ar\/index.php?rest_route=\/wp\/v2\/users\/4"}],"replies":[{"embeddable":true,"href":"https:\/\/pandc.10z.com.ar\/index.php?rest_route=%2Fwp%2Fv2%2Fcomments&post=1969"}],"version-history":[{"count":0,"href":"https:\/\/pandc.10z.com.ar\/index.php?rest_route=\/wp\/v2\/posts\/1969\/revisions"}],"wp:attachment":[{"href":"https:\/\/pandc.10z.com.ar\/index.php?rest_route=%2Fwp%2Fv2%2Fmedia&parent=1969"}],"wp:term":[{"taxonomy":"category","embeddable":true,"href":"https:\/\/pandc.10z.com.ar\/index.php?rest_route=%2Fwp%2Fv2%2Fcategories&post=1969"},{"taxonomy":"post_tag","embeddable":true,"href":"https:\/\/pandc.10z.com.ar\/index.php?rest_route=%2Fwp%2Fv2%2Ftags&post=1969"}],"curies":[{"name":"wp","href":"https:\/\/api.w.org\/{rel}","templated":true}]}}