{"id":1967,"date":"2010-01-06T13:06:07","date_gmt":"2010-01-06T16:06:07","guid":{"rendered":"http:\/\/pandc.10z.com.ar\/?p=1967"},"modified":"2010-07-04T11:49:16","modified_gmt":"2010-07-04T14:49:16","slug":"mina-in-duo-2003","status":"publish","type":"post","link":"https:\/\/pandc.10z.com.ar\/?p=1967","title":{"rendered":"Mina &#8211; In Duo (2003)"},"content":{"rendered":"<p style=\"text-align: center;\"><a href=\"https:\/\/pandc.10z.com.ar\/wp-content\/img\/MinaDuoFront.jpg\" target=\"_blank\"><img loading=\"lazy\" decoding=\"async\" class=\"aligncenter\" title=\"MinaDuoFront\" src=\"https:\/\/pandc.10z.com.ar\/wp-content\/img\/MinaDuoFront.jpg\" alt=\"\" width=\"400\" height=\"400\" \/><\/a><\/p>\n<p style=\"text-align: center;\"><a href=\"https:\/\/pandc.10z.com.ar\/wp-content\/img\/MinaDuoRetro.jpg\" target=\"_blank\"><img loading=\"lazy\" decoding=\"async\" class=\"aligncenter\" title=\"MinaDuoRetro\" src=\"https:\/\/pandc.10z.com.ar\/wp-content\/img\/MinaDuoRetro.jpg\" alt=\"\" width=\"400\" height=\"320\" \/><\/a><\/p>\n<p style=\"text-align: center;\"><a href=\"https:\/\/pandc.10z.com.ar\/wp-content\/img\/MinaDuoCd.jpg\" target=\"_blank\"><img loading=\"lazy\" decoding=\"async\" class=\"aligncenter\" title=\"MinaDuoCd\" src=\"https:\/\/pandc.10z.com.ar\/wp-content\/img\/MinaDuoCd.jpg\" alt=\"\" width=\"400\" height=\"400\" \/><\/a><\/p>\n<p style=\"text-align: center;\">\n<p>Publicado por EMI en 2003 el \u00e1lbum es una recopilaci\u00f3n de duetos que fueron publicados en varios discos anteriores de Mina, \u00fanica ecepci\u00f3n es la pista N\u00b0 11, La canzone di Marinella, en duo con Fabrizio De Andr\u00e9, sacada del \u00e1lbum \u00abMi Innamoravo di Tutto\u00bb del mismo De Andr\u00e9.<\/p>\n<p>***<\/p>\n<p><strong>Tracklist:<\/strong><\/p>\n<p><strong>01. Stay with me (Stay)<\/strong> -con Piero Pel\u00f9, del \u00e1lbum \u00abOlio\u00bb, publicado en 1999, fue editado tambi\u00e9n en 33 giros en edici\u00f3n limitada.<\/p>\n<p><strong>02. Questione di feeling<\/strong> -con Riccardo Cocciante, del \u00e1lbum \u00abFinalmente ho conosciuto il conte Dracula\u00bb, publicado en 1985. La canci\u00f3n \u00abQuestione di feeling\u00bb, fue la sigla de la transmisi\u00f3n tv \u00abPentathlon\u00bb con Mike Bongiorno.<\/p>\n<p><strong>03. Neri<\/strong> -con Renato Zero,del \u00e1lbum \u00abMina N\u00b0 0\u00bb, publicado en 1999, disco homenaje a Renato Zero.<\/p>\n<p><strong>04. Via di qua<\/strong> -con Fausto Leali, sacado del doble \u00e1lbum \u00abSi, buana\u00bb, publicado en 1986. \u00abVia di qua\u00bb fue la sigla final de la transmisi\u00f3n RAI \u00ab30 anni della nostra storia\u00bb.<\/p>\n<p><strong>05. Rotola la vita<\/strong> -con Audio2, del \u00e1lbum \u00abCanarino mannaro\u00bb, publicado en 1994. Editado tambi\u00e9n en\u00a0 vinilo como doble Lp. Los \u00abAudio 2\u00bb son un duo italiano compuesto por Giovanni Donzelli (Napoles, 28 mayo 1961) y Vincenzo Leomporro (Napoles, 22 julio 1961). El duo hizo su exordio en 1993. El m\u00e1s grande \u00e9xito com compositores llega en 1998 con \u00abMina Celentano\u00bb, \u00e1lbum campeon de ventas en Italia, en el que Donzelli y Leomporro firman el ce\u00e9lebre dueto \u00abAcqua e sale\u00bb.<\/p>\n<p><strong>06. Suona ancora<\/strong> -con Le Voci Atroci, pertenec\u00eda al disco \u00abLeggera\u00bb, publicado en 1997, tema de los Casino Royale y aqu\u00ed ejecutado por Le Voci Atroci, un grupo \u00aba cappella\u00bb, un proyecto nacido de una costilla de los \u00abMau Mau\u00bb, gracias a Andrea Ceccon que creado un grupo musical que, acompa\u00f1ado solo por algunas percusiones, logra mezclar sin problema alguno cualquier g\u00e9nero musical.<\/p>\n<p><strong>07. Dottore<\/strong> -con Beppe Grillo, del \u00e1lbum \u00abCremona\u00bb, publicado en 1996; editado tambi\u00e9n en vinilo. Un dueto con un sorprendente partner, Beppe Grillo, c\u00f3mico y actor italiano que trabaja en el cine, la televisi\u00f3n y el teatro. \u00abDottore\u00bb es un vertiginoso rhythm and blues psiqui\u00e1trico&#8230;.<\/p>\n<p><strong>08. Come stai<\/strong> -con Massimiliano Pani, del \u00e1lbum \u00abSorelle Lumi\u00e8re\u00bb, doble Cd publicado en 1992 en el que aparecen tres temas (Come stai, Non avere te y Robinson) del hijo de Mina, Massimiliano Pani, que \u00e9l hab\u00eda grabado en su \u00e1lbum debut \u00abL&#8217;occasione\u00bb (1991).<\/p>\n<p><strong>09. Amore<\/strong> -con Riccardo Cocciante, originariamente en \u00abCanarino mannaro\u00bb, \u00e1lbum del 1994. De este tema \u00abAmore\u00bb exsiste tambi\u00e9n una versio\u00f3n espa\u00f1ola (con el mismo t\u00edtulo e siempre cantada por Mina y Cocciante), publicada en el disco de Riccardo Cocciante \u00abUn hombre feliz\u00bb y en el \u00e1lbum \u00abNostalgias\u00bb de Mina, in\u00e9dito en Italia.<\/p>\n<p><strong>10. Contigo en la distancia<\/strong> -con Angel \u00abPato\u00bb Garcia, connotad\u00edsimo bolero del cubano Cesar Portillo De la Luz, aparece en \u00abSalom\u00e8\u00bb, del 1981, y \u00abColecci\u00f3n Latina\u00bb del 2001. Angel \u00abPato\u00bb Garcia naci\u00f3 el 23 de julio de 1945 en el pintoresco y legendario barrio Bajada Vieja, Posadas, Misiones, Argentina. Fue primera guitarra del afamado e internacionalmente reconocido Lu\u00eds Alberto del Paran\u00e1\u00a0 y su grupo \u201cLos Paraguayos\u201d.<\/p>\n<p><strong>11. Parole parole<\/strong> -con Alberto Lupo, pertenece al \u00e1lbum \u00abCinquemilaquarantatr\u00e8\u00bb, publicado en 1972. La canci\u00f3n fue la sigla final de la segunda edici\u00f3n del progr\u00e1ma televisivo \u00abTeatro 10\u00bb, que sali\u00f3 al aire del 11 marzo al 13 mayo 1972. Este mismo tema fue posteriormente interpretado en franc\u00e9s por Dalida y Alain Delon. Alberto Lupo (1924 &#8211; 1984) actor de teatro, cine y televisi\u00f3n, fue una de las voces m\u00e1s seductoras de la \u00e9poca tanto que llam\u00f3 la atenci\u00f3n de los productores discogr\u00e1ficos, que le pidieron grabar temas como \u00abIo ti amo\u00bb en 1967 y \u00abUna telefonata\u00bb en 1971, adem\u00e1s de este \u00abparole parole\u00bb que fue un sonado \u00e9xito en Italia, llegando al 1\u00b0 lugar de Hit Parade y quedandose por varias semanas.<\/p>\n<p><strong>12. Someday in my life<\/strong> -con Mick Hucknall, aparece en el \u00e1lbum \u00abLeggera\u00bb, publicado en 1997. Con \u00abSomeday in My Life\u00bb, escritta por Mick Hucknall apositamente para Mina, nos precipitamos en los a\u00f1os &#8217;50 de las torch song e del jazz. Michael James Hucknall, conocido come Mick &#8216;Red&#8217; Hucknall (Manchester, 8 junio 1960), es un cantante brit\u00e1nico famoso per haber sido el vocalista de Simply Red.<\/p>\n<p><strong>13. Noi<\/strong> -con Massimo Lopez, del \u00e1lbum \u00abCanarino mannaro\u00bb, publicado en 1994, fue la sigla del programa televisivo \u00abMassimo Ascolto\u00bb (1994). Tema in\u00e9dito hasta entonces, Mina lo interpreta con Massimo Lopez, actor y comediante italiano, con muy buenos resultados de acoplamiento e interpretaci\u00f3n.<\/p>\n<p><strong>14. E l&#8217;era tardi<\/strong> -con Enzo Jannacci, del \u00e1lbum \u00abMina quasi Jannacci\u00bb, de 1977, es un tema de Jannacci en dialecto milan\u00e9s. Cantante, actor, m\u00e9dico y comediante italiano Enzo Jannacci (se pronuncia en italiano Iannacchi) entr\u00f3 en el mundo art\u00edstico en 1956, como cantante de jazz en los bares de Mil\u00e1n, precisamente, en el bar Derby, donde conoce a Giorgio Gaber, Tony Dallara, y Adriano Celentano, quien ser\u00eda su amigo y compadre, y con los cuales grab\u00f3 sus primeros discos. La canci\u00f3n fu grabada por Jannacci &#8211; autor de texto y m\u00fasica &#8211; por primera vez en su primer \u00e1lbum, \u00abLa Milano di Enzo Jannacci\u00bb en 1964.<\/p>\n<p><strong>15. La canzone di Marinella<\/strong> -con Fabrizio De Andr\u00e9, presente en el \u00e1lbum de Fabrizio \u00abMi Innamoravo di Tutto\u00bb 1996, una recopilaci\u00f3n de sus canciones m\u00e1s queridas y menos comprendidas por el p\u00fablico. La primera versi\u00f3n del tema interpretado por De Andr\u00e9 en 1964 pas\u00f3 practicamente desapercibida, asta que Mina la hizo sua en 1967, convirtirndola en un gran \u00e9xito. Fabrizio De Andr\u00e9, dedicando a Mina el \u00e1lbum \u00abMi innamoravo di tutto\u00bb dijo: \u00ab\u00bbSi una voz milagrosa no hubiera interpretado la \u00abCanzone di Marinella\u00bb, con toda probabilidad habr\u00eda terminado mis estudios de derecho y, ahora, ser\u00eda abogado. Doy las gracias a Mina por haber barajado las cartas a mi favor\u2026\u00bb.<\/p>\n<p>***<\/p>\n<p><a href=\"http:\/\/www.megaupload.com\/?d=35K9TMGY\">Aqu\u00ed<\/a><\/p>\n<p>***<\/p>\n","protected":false},"excerpt":{"rendered":"<p>Publicado por EMI en 2003 el \u00e1lbum es una recopilaci\u00f3n de duetos que fueron publicados en varios discos anteriores de Mina, \u00fanica ecepci\u00f3n es la pista N\u00b0 11, La canzone di Marinella, en duo con Fabrizio De Andr\u00e9, sacada del \u00e1lbum \u00abMi Innamoravo di Tutto\u00bb del mismo De Andr\u00e9. *** Tracklist: 01. Stay with me [&hellip;]<\/p>\n","protected":false},"author":4,"featured_media":0,"comment_status":"open","ping_status":"open","sticky":false,"template":"","format":"standard","meta":{"footnotes":""},"categories":[14],"tags":[3,41],"class_list":["post-1967","post","type-post","status-publish","format-standard","hentry","category-mina","tag-italia","tag-pop"],"_links":{"self":[{"href":"https:\/\/pandc.10z.com.ar\/index.php?rest_route=\/wp\/v2\/posts\/1967","targetHints":{"allow":["GET"]}}],"collection":[{"href":"https:\/\/pandc.10z.com.ar\/index.php?rest_route=\/wp\/v2\/posts"}],"about":[{"href":"https:\/\/pandc.10z.com.ar\/index.php?rest_route=\/wp\/v2\/types\/post"}],"author":[{"embeddable":true,"href":"https:\/\/pandc.10z.com.ar\/index.php?rest_route=\/wp\/v2\/users\/4"}],"replies":[{"embeddable":true,"href":"https:\/\/pandc.10z.com.ar\/index.php?rest_route=%2Fwp%2Fv2%2Fcomments&post=1967"}],"version-history":[{"count":0,"href":"https:\/\/pandc.10z.com.ar\/index.php?rest_route=\/wp\/v2\/posts\/1967\/revisions"}],"wp:attachment":[{"href":"https:\/\/pandc.10z.com.ar\/index.php?rest_route=%2Fwp%2Fv2%2Fmedia&parent=1967"}],"wp:term":[{"taxonomy":"category","embeddable":true,"href":"https:\/\/pandc.10z.com.ar\/index.php?rest_route=%2Fwp%2Fv2%2Fcategories&post=1967"},{"taxonomy":"post_tag","embeddable":true,"href":"https:\/\/pandc.10z.com.ar\/index.php?rest_route=%2Fwp%2Fv2%2Ftags&post=1967"}],"curies":[{"name":"wp","href":"https:\/\/api.w.org\/{rel}","templated":true}]}}