{"id":1951,"date":"2010-01-04T10:16:17","date_gmt":"2010-01-04T13:16:17","guid":{"rendered":"http:\/\/pandc.10z.com.ar\/?p=1951"},"modified":"2010-01-04T10:16:17","modified_gmt":"2010-01-04T13:16:17","slug":"silvio-rodriguez-dias-y-flores-1975","status":"publish","type":"post","link":"https:\/\/pandc.10z.com.ar\/?p=1951","title":{"rendered":"Silvio Rodriguez &#8211; D\u00edas y flores (1975)"},"content":{"rendered":"<p style=\"text-align: center;\"><a href=\"https:\/\/pandc.10z.com.ar\/wp-content\/img\/SilvioDiasFront.jpg\" target=\"_blank\"><img loading=\"lazy\" decoding=\"async\" class=\"aligncenter\" title=\"diasFront\" src=\"https:\/\/pandc.10z.com.ar\/wp-content\/img\/SilvioDiasFront.jpg\" alt=\"\" width=\"400\" height=\"400\" \/><\/a><\/p>\n<p style=\"text-align: center;\">\n<p style=\"text-align: center;\"><a href=\"https:\/\/pandc.10z.com.ar\/wp-content\/img\/SilvioDiasRetro.jpg\" target=\"_blank\"><img loading=\"lazy\" decoding=\"async\" class=\"aligncenter\" title=\"diasRetro\" src=\"https:\/\/pandc.10z.com.ar\/wp-content\/img\/SilvioDiasRetro.jpg\" alt=\"\" width=\"400\" height=\"320\" \/><\/a><\/p>\n<p style=\"text-align: center;\">\n<p style=\"text-align: center;\"><a href=\"https:\/\/pandc.10z.com.ar\/wp-content\/img\/SilvioDiasCD.jpg\" target=\"_blank\"><img loading=\"lazy\" decoding=\"async\" class=\"aligncenter\" title=\"diasCd\" src=\"https:\/\/pandc.10z.com.ar\/wp-content\/img\/SilvioDiasCD.jpg\" alt=\"\" width=\"400\" height=\"400\" \/><\/a><\/p>\n<p style=\"text-align: center;\">\n<p>Primer Lp de Silvio en solitario, el disco fue grabado en La Habana entre 1974 y 1975.<br \/>\nLetra y m\u00fasica de Silvio Rodr\u00edguez, es dedicado a su hija Violeta. Se nota a\u00fan la influencia del Grupo de Experimentaci\u00f3n Sonora del ICAIC.<\/p>\n<p>El disco fue reeditado en Cd en 1988.<\/p>\n<p>En Espa\u00f1a, debido a la dictadura franquista hubo que cambiar el nombre del disco por Te Doy una Canci\u00f3n, ya que se censuraron los temas \u00abSantiago de Chile\u00bb y \u00abD\u00edas y Flores\u00bb (este \u00faltimo daba el nombre al disco); esas canciones se sustituyeron por \u00abMadre\u00bb y \u00abTe Doy una Canci\u00f3n\u00bb. Al desaparecer la censura luego de la ca\u00edda de la dictadura, las dos canciones fueron agregadas de nuevo y las nuevas ediciones en Espa\u00f1a tienen trece canciones.<\/p>\n<p>En Chile circula un cassete llamado Te Doy una Canci\u00f3n, que no contiene los temas \u00abSantiago de Chile\u00bb, \u00abPlaya Gir\u00f3n\u00bb, \u00abComo Esperando Abril\u00bb y \u00abPeque\u00f1a Serenata Diurna\u00bb, pero que incluye la versi\u00f3n cl\u00e1sica de \u00abTe Doy una Canci\u00f3n\u00bb, y una versi\u00f3n en vivo de \u00abMariposas\u00bb. Tambi\u00e9n circula un CD parecido al espa\u00f1ol, que agrega el tema \u00abMadre\u00bb a continuaci\u00f3n de \u00abSantiago de Chile\u00bb, y cambia \u00abD\u00edas y Flores\u00bb por \u00abTe Doy una Canci\u00f3n\u00bb.<\/p>\n<p>***<\/p>\n<p><strong>Tracklist:<\/strong><\/p>\n<p>01. Como esperando Abril<br \/>\n02. Playa Gir\u00f3n<br \/>\n03. El Mayor<br \/>\n04. La verg\u00fcenza<br \/>\n05. Sue\u00f1o con serpientes<br \/>\n06. Peque\u00f1a serenata diurna<br \/>\n07. Esta canci\u00f3n<br \/>\n08. Yo digo que las estrellas<br \/>\n09. En el claro de la luna<br \/>\n10. Santiago de Chile<br \/>\n11. D\u00edas y flores<\/p>\n<p>***<\/p>\n<p><a href=\"http:\/\/rapidshare.com\/files\/330206814\/SiRo75DiasFlo.rar\">Aqu\u00ed<\/a><\/p>\n<p>***<\/p>\n","protected":false},"excerpt":{"rendered":"<p>Primer Lp de Silvio en solitario, el disco fue grabado en La Habana entre 1974 y 1975. Letra y m\u00fasica de Silvio Rodr\u00edguez, es dedicado a su hija Violeta. Se nota a\u00fan la influencia del Grupo de Experimentaci\u00f3n Sonora del ICAIC. El disco fue reeditado en Cd en 1988. En Espa\u00f1a, debido a la dictadura [&hellip;]<\/p>\n","protected":false},"author":4,"featured_media":0,"comment_status":"open","ping_status":"open","sticky":false,"template":"","format":"standard","meta":{"footnotes":""},"categories":[232],"tags":[233],"class_list":["post-1951","post","type-post","status-publish","format-standard","hentry","category-silvio-rodriguez","tag-nueva-trova"],"_links":{"self":[{"href":"https:\/\/pandc.10z.com.ar\/index.php?rest_route=\/wp\/v2\/posts\/1951","targetHints":{"allow":["GET"]}}],"collection":[{"href":"https:\/\/pandc.10z.com.ar\/index.php?rest_route=\/wp\/v2\/posts"}],"about":[{"href":"https:\/\/pandc.10z.com.ar\/index.php?rest_route=\/wp\/v2\/types\/post"}],"author":[{"embeddable":true,"href":"https:\/\/pandc.10z.com.ar\/index.php?rest_route=\/wp\/v2\/users\/4"}],"replies":[{"embeddable":true,"href":"https:\/\/pandc.10z.com.ar\/index.php?rest_route=%2Fwp%2Fv2%2Fcomments&post=1951"}],"version-history":[{"count":0,"href":"https:\/\/pandc.10z.com.ar\/index.php?rest_route=\/wp\/v2\/posts\/1951\/revisions"}],"wp:attachment":[{"href":"https:\/\/pandc.10z.com.ar\/index.php?rest_route=%2Fwp%2Fv2%2Fmedia&parent=1951"}],"wp:term":[{"taxonomy":"category","embeddable":true,"href":"https:\/\/pandc.10z.com.ar\/index.php?rest_route=%2Fwp%2Fv2%2Fcategories&post=1951"},{"taxonomy":"post_tag","embeddable":true,"href":"https:\/\/pandc.10z.com.ar\/index.php?rest_route=%2Fwp%2Fv2%2Ftags&post=1951"}],"curies":[{"name":"wp","href":"https:\/\/api.w.org\/{rel}","templated":true}]}}