{"id":193,"date":"2009-07-14T20:30:32","date_gmt":"2009-07-14T23:30:32","guid":{"rendered":"http:\/\/pandc.10z.com.ar\/?p=193"},"modified":"2011-04-03T16:26:24","modified_gmt":"2011-04-03T19:26:24","slug":"v-a-%e2%80%93-no-somos-tangueros-vol-2-2008-pc","status":"publish","type":"post","link":"https:\/\/pandc.10z.com.ar\/?p=193","title":{"rendered":"V.A. \u2013 No Somos Tangueros Vol.2 (2008 P&#038;C)"},"content":{"rendered":"<p style=\"text-align: center;\"><a href=\"https:\/\/pandc.10z.com.ar\/wp-content\/uploads\/2009\/07\/No-Somos-Tangueros-vol2-FRONT.jpg\" target=\"_blank\"><img loading=\"lazy\" decoding=\"async\" class=\"size-full wp-image-109 aligncenter\" title=\"No Somos Tangueros vol2 FRONT\" src=\"https:\/\/pandc.10z.com.ar\/wp-content\/uploads\/Small\/No-Somos-Tangueros-vol2-FRONT.jpg\" alt=\"No Somos Tangueros vol2 FRONT\" width=\"400\" height=\"400\" \/><\/a><\/p>\n<p style=\"text-align: center;\"><a href=\"https:\/\/pandc.10z.com.ar\/wp-content\/uploads\/2009\/07\/No-somos-tangueros-vol2-RETRO.jpg\" target=\"_blank\"><img loading=\"lazy\" decoding=\"async\" class=\"size-full wp-image-108 aligncenter\" title=\"No somos tangueros vol2 RETRO\" src=\"https:\/\/pandc.10z.com.ar\/wp-content\/uploads\/Small\/No-somos-tangueros-vol2-RETRO.jpg\" alt=\"No somos tangueros vol2 RETRO\" width=\"400\" height=\"320\" \/><\/a><\/p>\n<p style=\"text-align: center;\"><a href=\"https:\/\/pandc.10z.com.ar\/wp-content\/uploads\/2009\/07\/No-Somos-Tangueros-vol2-CD.jpg\" target=\"_blank\"><img loading=\"lazy\" decoding=\"async\" class=\"size-full wp-image-107 aligncenter\" title=\"No Somos Tangueros vol2 CD\" src=\"https:\/\/pandc.10z.com.ar\/wp-content\/uploads\/Small\/No-Somos-Tangueros-vol2-CD.jpg\" alt=\"No Somos Tangueros vol2 CD\" width=\"400\" height=\"400\" \/><\/a><\/p>\n<p><strong>Tracklist:<\/strong><\/p>\n<p><strong>01. Les Violons du Roy \u2013 La muerte del \u00e1ngel (Piazzolla)<\/strong><br \/>\nEmpezamos con una Orquesta de C\u00e1mara de Quebec, dirigida por Bernard Labadie, aqu\u00ed con la performance de: Jean Marie Zeitouni y Pascale Cigu\u00e8re (viol\u00f3n) y Benoit Loiselle (violoncello)<\/p>\n<p><strong>02. Caetano Veloso &#8211;\u00a0 Nada (Dames &#8211; Sanguinetti)<\/strong><br \/>\nExtra\u00eddo de su album \u201cOmaggio a Federico e Giulietta\u201d, grabado en vivo en\u00a0 el Teatro Nuovo de San Marino.<\/p>\n<p><strong>03. Mina \u2013 Nostalgias (Cobi\u00e1n &#8211; Cad\u00edcamo)<\/strong><br \/>\nUno de los tangos grabados por Mina, en una performance incre\u00edble.<\/p>\n<p><strong>04. Luis Alberto Spinetta \u2013 Gricel (Mores \u2013 Contursi)<\/strong><br \/>\nSpinetta grab\u00f3 por \u00fanica vez un tango como parte de un disco a d\u00fao con Fito P\u00e1ez (\u201cLa La La\u201d), y la \u00fanica interpretaci\u00f3n en vivo fue en el Teatro Col\u00f3n de Buenos Aires, unos a\u00f1os despu\u00e9s. Esta es la versi\u00f3n original.<\/p>\n<p><strong>05. Joxan Goikoetxea \u2013 Violentango (Piazzolla)<\/strong><br \/>\nM\u00fasico vasco, acordeonista. Fundador de \u00abHAT\u00bb (Hernaniko Akordeoi Taldea) (1987-1991), con el que trabaj\u00f3 la m\u00fasica de c\u00e1mara desde un repertorio cl\u00e1sico y grab\u00f3 un homenaje a Astor Piazzolla. De ah\u00ed extraje esta versi\u00f3n.<\/p>\n<p><strong>06. Le\u00f3n Gieco \u2013 Cambalache (Disc\u00e9polo)<\/strong><br \/>\nLe\u00f3n nunca grab\u00f3 un tango en sus discos oficiales. Esta versi\u00f3n est\u00e1 extra\u00edda del audio de un programa de televisi\u00f3n argentina de la d\u00e9cada de 1990.<\/p>\n<p><strong>07. Ettore Stratta \u2013 Fuimos (Dames \u2013 Manzi)<\/strong><br \/>\nEste director de orquesta norteamericano lanz\u00f3 en 1991 un disco titulado \u201cSymphonic Tango\u201d, con la participaci\u00f3n de algunos m\u00fasicos argentinos.<\/p>\n<p><strong>08. Pl\u00e1cido Domingo \u2013 Jos\u00e9 Carreras \u2013 Luciano Pavarotti \u2013 Caminito (Coria Pe\u00f1aloza \u2013 Juan de Dios Filiberto)<\/strong><br \/>\nGrabaci\u00f3n en vivo realizada el 10 de julio de 1998, dos d\u00edas antes de la final del Mundial de F\u00fatbol de Francia de ese a\u00f1o, con arreglos del argentino Lalo Schiffrin y el director James Levine al frente de la Orquesta Sinf\u00f3nica de Par\u00eds, en el Campo de Marte.<\/p>\n<p><strong>09. Glover Gill \u2013 Canaro en Par\u00eds (Scarpino)<\/strong><br \/>\nEl pianista Glover Gill estuvo en Argentina en el a\u00f1o 2000, y fund\u00f3 su \u201cTosca Tango Orchestra\u201d, para la quinta edici\u00f3n del Festival Nacional del Tango, que se realiza en Argentina cada a\u00f1o. Sigui\u00f3 visitando el pa\u00eds y realizando actuaciones con c\u00e9lebres m\u00fasicos del tango, como el maestro Horacio Salg\u00e1n.<\/p>\n<p><strong>10. Joan Manuel Serrat \u2013 Amablemente (Edmundo Rivero \u2013 H.Diez)<\/strong><br \/>\nGrabaci\u00f3n en vivo del catal\u00e1n, haciendo una versi\u00f3n muy fiel de la milonga que muchos conocen como \u201c34 pu\u00f1aladas\u201d, y que en verdad se titula \u2013ir\u00f3nica- \u201cAmablemente\u201d. Nunca fue editado.<\/p>\n<p><strong>11. Joaqu\u00edn Sabina \u2013 Mano a mano (Gardel \u2013 Razzano \u2013 Flores)<\/strong><br \/>\nOtro espa\u00f1ol que se le anima al tango, y con \u00e9xito. Tambi\u00e9n in\u00e9dita, esta versi\u00f3n de un tango muy versionado por artistas de habla hispana.<\/p>\n<p><strong>12. Dyango \u2013 El \u00faltimo caf\u00e9 (H. Stamponi \u2013 C. Castillo)<\/strong><br \/>\nDesde su disco dedicado al tango, extraemos esta muy buena versi\u00f3n del cl\u00e1sico de Stamponi y C\u00e1tulo Castillo.<\/p>\n<p><strong>13. Juan Carlos Baglietto \u2013 Tarde (Jos\u00e9 Canet)<\/strong><br \/>\nDe origen en el rock , Baglietto se ha inclinado desde hace casi una d\u00e9cada a la canci\u00f3n. Y junto a Lito Vitale han grabado varios discos dedicados a g\u00e9neros criollos, con varios tangos. Esta interpretaci\u00f3n, no tiene desperdicio.<\/p>\n<p><strong>14. Mercedes Sosa \u2013 Como dos extra\u00f1os (Laurenz \u2013 J.M.Contursi)<\/strong><br \/>\nDesde su album de 1994 la \u201cnegra\u201d desmuestra porqu\u00e9 es la mayor voz de la Argentina, tambi\u00e9n cuando canta tangos.<\/p>\n<p><strong>15. Laurindo Almeida \u2013 La cumparsita (Matos Rodriguez \u2013 P.Contursi \u2013 Maroni)<\/strong><br \/>\nAlmeida es un guitarrista brasile\u00f1o de jazz y m\u00fasica cl\u00e1sica, que tampoco se pudo resistir al tango argentino.\u00a0 Grab\u00f3 un \u00e1lbum enteramente dedicado al g\u00e9nero junto a Charlie Byrd en 1985. De ah\u00ed este corte.<\/p>\n<p><strong>16. Los Panchos con Mar\u00eda Martha Serra Lima \u2013 Volvi\u00f3 una noche (Gardel \u2013 Le pera)<\/strong><br \/>\nDigna \u2013aunque no virtuosa- versi\u00f3n del cl\u00e1sico de Gardel\/Le Pera de parte de los Panchos y la voz de la cantante mel\u00f3dica argentina.<\/p>\n<p><strong>17. Luis Bacalov Quartet \u2013 Decar\u00edssimo (Piazzolla)<\/strong><br \/>\nCompositor y pianista argentino, que ha desarrollado una exitosa carrera haciendo m\u00fasica para cine (ganador de un Oscar por la banda sonora de \u201cIl Postino\u201d). Est\u00e1 radicado en Roma desde hace m\u00e1s de cuatro d\u00e9cadas. En 2002 grab\u00f3 un disco de tangos del que extraemos esta excelente versi\u00f3n de Piazzolla.<\/p>\n<p><strong>18. Los Pericos \u2013 Por una cabeza (Gardel \u2013 Le Pera)<\/strong><br \/>\nGrupo de rock argentino, mayormente dedicado a la m\u00fasica reggae. De ah\u00ed el arreglo \u2013curioso- para este tango.<\/p>\n<p><strong>19. Andr\u00e9s Calamaro con Virgilio Exp\u00f3sito \u2013 Naranjo en flor (Homero y Virgilio Exp\u00f3sito)<\/strong><br \/>\nOtro rocker argentino, integrante de varias bandas exitos\u00edsimas, con una carrera de varios a\u00f1os en Espa\u00f1a y uno de los cinco m\u00e1s populares artistas en Argentina. Si bien edit\u00f3 un disco de tangos, este corte pertenece a su \u00e1lbum \u201cHonestidad brutal\u201d, y tiene la particularidad de estar interpretado junto a uno de los autores de \u201cNaranjo en flor\u201d.<\/p>\n<p><strong>20. Tito Puente \u2013 Eddie Palmieri \u2013 Herman Olivera \u2013 La \u00faltima copa (Juan Caruso \u2013 F.Canaro)<\/strong><br \/>\nCerramos con una versi\u00f3n de arreglos de salsa a cargo de Puente-Palmieri, con la voz de Olivera.<\/p>\n<p>***<\/p>\n<p><a href=\"http:\/\/www.megaupload.com\/?d=1NLNRXN6\"><strong>MU Aqu\u00ed<\/strong><\/a><\/p>\n<p><a href=\"http:\/\/rapidshare.com\/files\/254769351\/Notangueros2.PC.rar\"><strong>RS Aqu\u00ed<\/strong><\/a><\/p>\n<p>***<\/p>\n","protected":false},"excerpt":{"rendered":"<p>Tracklist: 01. Les Violons du Roy \u2013 La muerte del \u00e1ngel (Piazzolla) Empezamos con una Orquesta de C\u00e1mara de Quebec, dirigida por Bernard Labadie, aqu\u00ed con la performance de: Jean Marie Zeitouni y Pascale Cigu\u00e8re (viol\u00f3n) y Benoit Loiselle (violoncello) 02. Caetano Veloso &#8211;\u00a0 Nada (Dames &#8211; Sanguinetti) Extra\u00eddo de su album \u201cOmaggio a Federico [&hellip;]<\/p>\n","protected":false},"author":5,"featured_media":0,"comment_status":"open","ping_status":"open","sticky":false,"template":"","format":"standard","meta":{"footnotes":""},"categories":[11],"tags":[15],"class_list":["post-193","post","type-post","status-publish","format-standard","hentry","category-v-a","tag-tango"],"_links":{"self":[{"href":"https:\/\/pandc.10z.com.ar\/index.php?rest_route=\/wp\/v2\/posts\/193","targetHints":{"allow":["GET"]}}],"collection":[{"href":"https:\/\/pandc.10z.com.ar\/index.php?rest_route=\/wp\/v2\/posts"}],"about":[{"href":"https:\/\/pandc.10z.com.ar\/index.php?rest_route=\/wp\/v2\/types\/post"}],"author":[{"embeddable":true,"href":"https:\/\/pandc.10z.com.ar\/index.php?rest_route=\/wp\/v2\/users\/5"}],"replies":[{"embeddable":true,"href":"https:\/\/pandc.10z.com.ar\/index.php?rest_route=%2Fwp%2Fv2%2Fcomments&post=193"}],"version-history":[{"count":0,"href":"https:\/\/pandc.10z.com.ar\/index.php?rest_route=\/wp\/v2\/posts\/193\/revisions"}],"wp:attachment":[{"href":"https:\/\/pandc.10z.com.ar\/index.php?rest_route=%2Fwp%2Fv2%2Fmedia&parent=193"}],"wp:term":[{"taxonomy":"category","embeddable":true,"href":"https:\/\/pandc.10z.com.ar\/index.php?rest_route=%2Fwp%2Fv2%2Fcategories&post=193"},{"taxonomy":"post_tag","embeddable":true,"href":"https:\/\/pandc.10z.com.ar\/index.php?rest_route=%2Fwp%2Fv2%2Ftags&post=193"}],"curies":[{"name":"wp","href":"https:\/\/api.w.org\/{rel}","templated":true}]}}