{"id":1923,"date":"2009-12-29T14:26:11","date_gmt":"2009-12-29T17:26:11","guid":{"rendered":"http:\/\/pandc.10z.com.ar\/?p=1923"},"modified":"2011-07-02T09:07:47","modified_gmt":"2011-07-02T12:07:47","slug":"seru-giran-seru-giran-1978","status":"publish","type":"post","link":"https:\/\/pandc.10z.com.ar\/?p=1923","title":{"rendered":"Ser\u00fa Gir\u00e1n &#8211; Ser\u00fa Gir\u00e1n (1978)"},"content":{"rendered":"<p><a rel=\"https:\/\/pandc.10z.com.ar\/wp-content\/uploads\/2009\/12\/Serufront.jpg\" href=\"https:\/\/pandc.10z.com.ar\/wp-content\/uploads\/2009\/12\/Serufront.jpg\" target=\"_blank\"><img loading=\"lazy\" decoding=\"async\" class=\"aligncenter size-full wp-image-1922\" title=\"Serufront\" src=\"https:\/\/pandc.10z.com.ar\/wp-content\/uploads\/2009\/12\/Serufront.jpg\" alt=\"Serufront\" width=\"400\" height=\"400\" \/><\/a><\/p>\n<p style=\"text-align: center;\"><a rel=\"https:\/\/pandc.10z.com.ar\/wp-content\/uploads\/2009\/12\/Seruback.jpg\" href=\"https:\/\/pandc.10z.com.ar\/wp-content\/uploads\/2009\/12\/Seruback.jpg\" target=\"_blank\"><img loading=\"lazy\" decoding=\"async\" class=\"aligncenter size-full wp-image-1921\" title=\"Seruback\" src=\"https:\/\/pandc.10z.com.ar\/wp-content\/uploads\/2009\/12\/Seruback.jpg\" alt=\"Seruback\" width=\"400\" height=\"400\" srcset=\"https:\/\/pandc.10z.com.ar\/wp-content\/uploads\/2009\/12\/Seruback.jpg 800w, https:\/\/pandc.10z.com.ar\/wp-content\/uploads\/2009\/12\/Seruback-150x150.jpg 150w, https:\/\/pandc.10z.com.ar\/wp-content\/uploads\/2009\/12\/Seruback-400x400.jpg 400w\" sizes=\"auto, (max-width: 400px) 100vw, 400px\" \/><\/a><\/p>\n<p style=\"text-align: left;\">Despu\u00e9s de disolver <em>La M\u00e1quina de Hacer P\u00e1jaros,<\/em> en 1977,\u00a0 <strong>Charly Garc\u00eda<\/strong> se re\u00fane con el m\u00fasico <strong>David Leb\u00f3n<\/strong> y se mudan a Brasil, a una casa alquilada en Buzios para componer y ensayar temas nuevos. <strong>Charly <\/strong>vuelve a Buenos Aires y alquila un cami\u00f3n para pasar los equipos de sonido a Brasil y llevarlos a un estudio de grabaci\u00f3n en San Pablo. Durante esa estad\u00eda en Buenos Aires,\u00a0 recluta una vez mas al baterista <strong>Oscar Moro <\/strong>y a un virtuoso bajista hasta el momento desconocido: <strong>Pedro Aznar<\/strong>. Tras grabar el disco debut de <strong>Ser\u00fa Gir\u00e1n<\/strong>, vuelven a Buenos Aires y se presentan por primera vez el 28 de julio de 1978, en el Luna Park junto a otras bandas populares de ese momento. Tras ese, que fuera un fallido debut,<strong> Charly<\/strong> parte a Los Angeles (Estados Unidos) para mezclar el disco y para que una orquesta de cuerdas de 24 integrantes -dirigida por Daniel Goldberg- le pusiera una secci\u00f3n de cuerdas a los temas <em>\u201cEiti Leda\u201d y \u201cSer\u00fa Gir\u00e1n\u201d. <\/em><\/p>\n<p>Este disco incluye verdaderos cl\u00e1sicos, como <em>\u201cEti Leda\u201d<\/em>, tema que ya tocaba Charly en Sui Generis sin haber llegado antes al disco, <em>\u201cEl mendigo en el anden\u201d <\/em>y\u00a0 <em>\u201cSeminare\u201d<\/em>, uno de los cinco mejores temas del rock argentino. La curiosidad fue la letra del tema <em>\u201cSer\u00fa Gir\u00e1n\u201d, <\/em>que termin\u00f3 dandole el nombre al grupo: est\u00e1 \u00edntegramente compuesta por palabras inventadas por <strong>Garc\u00eda<\/strong> al componerlo, priorizando la lectura musical antes que un significado concreto. Todos los temas son de <strong>Charly Garc\u00eda<\/strong>, excepto <em>\u201cEl mendigo en el and\u00e9n\u201d y \u201cVoy a mil\u201d<\/em>, en los que comparte la autor\u00eda con<strong> David Leb\u00f3n<\/strong>, quien es a su vez autor del \u00faltimo track.<\/p>\n<p><strong>Ser\u00fa Gir\u00e1n<\/strong> fue el grupo de rock m\u00e1s exitoso y popular de la historia del rock argentino.\u00a0 Gan\u00f3 en todas las encuestas de medios especializados de la \u00e9poca en las categor\u00edas de Mejor Guitarrista, Mejor Tecladista, Mejor Bajista, Mejor Baterista, Mejor Compositor y Mejor Grupo en Vivo en los a\u00f1os 1978, \u201879, \u201880 y \u201881 <em>(todos los a\u00f1os en que estuvo activo)<\/em>. A esto hay que sumarle Grupo Revelaci\u00f3n 1978; Mejor Cantante (Leb\u00f3n) \u201880 y \u201881; Mejor Tema 1978 (\u201dSeminare\u201d) y 1981 (\u201dPeperina\u201d) y Mejor Album de 1978, justamente por este trabajo que aqu\u00ed presentamos.<\/p>\n<p><strong>M\u00fasicos:<\/strong><\/p>\n<p><strong>Charly Garc\u00eda:<\/strong> teclados, voz<br \/>\n<strong>David Leb\u00f3n: <\/strong>guitarras, voz<br \/>\n<strong>Pedro Aznar: <\/strong>bajo, voz<br \/>\n<strong>Oscar Moro: <\/strong>bater\u00eda<\/p>\n<p><strong>Invitados:<\/strong><br \/>\n<strong>Syd Sharp: <\/strong>viol\u00edn<br \/>\n<strong>Daniel Goldberg:<\/strong> arreglos y direcci\u00f3n de Orquesta.<br \/>\nGrupo Nova Conciencia: percusi\u00f3n adicional.<\/p>\n<p><strong>Tracklist:<\/strong><\/p>\n<p>01. Eiti-Leda<br \/>\n02. El Mendigo en el and\u00e9n<br \/>\n03. Separata<br \/>\n04. Autos, jets, aviones, barcos<br \/>\n05. Seru Giran<br \/>\n06. Seminare<br \/>\n07. Voy a mil<br \/>\n08. Cosmigon\u00f3n<\/p>\n<p>***<\/p>\n<p><strong><a href=\"http:\/\/www.megaupload.com\/?d=UXANUUMA\">MU Aqu\u00ed<\/a><br \/>\n<\/strong><\/p>\n<p><a href=\"http:\/\/rapidshare.com\/files\/327579844\/Seru78.PC.rar\"><strong>RS Aqu\u00ed<\/strong><\/a><\/p>\n<p>***<\/p>\n","protected":false},"excerpt":{"rendered":"<p>Despu\u00e9s de disolver La M\u00e1quina de Hacer P\u00e1jaros, en 1977,\u00a0 Charly Garc\u00eda se re\u00fane con el m\u00fasico David Leb\u00f3n y se mudan a Brasil, a una casa alquilada en Buzios para componer y ensayar temas nuevos. Charly vuelve a Buenos Aires y alquila un cami\u00f3n para pasar los equipos de sonido a Brasil y llevarlos [&hellip;]<\/p>\n","protected":false},"author":5,"featured_media":0,"comment_status":"open","ping_status":"open","sticky":false,"template":"","format":"standard","meta":{"footnotes":""},"categories":[167,193,230],"tags":[168],"class_list":["post-1923","post","type-post","status-publish","format-standard","hentry","category-charly-garcia","category-david-lebon","category-seru-giran","tag-rock-argentino"],"_links":{"self":[{"href":"https:\/\/pandc.10z.com.ar\/index.php?rest_route=\/wp\/v2\/posts\/1923","targetHints":{"allow":["GET"]}}],"collection":[{"href":"https:\/\/pandc.10z.com.ar\/index.php?rest_route=\/wp\/v2\/posts"}],"about":[{"href":"https:\/\/pandc.10z.com.ar\/index.php?rest_route=\/wp\/v2\/types\/post"}],"author":[{"embeddable":true,"href":"https:\/\/pandc.10z.com.ar\/index.php?rest_route=\/wp\/v2\/users\/5"}],"replies":[{"embeddable":true,"href":"https:\/\/pandc.10z.com.ar\/index.php?rest_route=%2Fwp%2Fv2%2Fcomments&post=1923"}],"version-history":[{"count":0,"href":"https:\/\/pandc.10z.com.ar\/index.php?rest_route=\/wp\/v2\/posts\/1923\/revisions"}],"wp:attachment":[{"href":"https:\/\/pandc.10z.com.ar\/index.php?rest_route=%2Fwp%2Fv2%2Fmedia&parent=1923"}],"wp:term":[{"taxonomy":"category","embeddable":true,"href":"https:\/\/pandc.10z.com.ar\/index.php?rest_route=%2Fwp%2Fv2%2Fcategories&post=1923"},{"taxonomy":"post_tag","embeddable":true,"href":"https:\/\/pandc.10z.com.ar\/index.php?rest_route=%2Fwp%2Fv2%2Ftags&post=1923"}],"curies":[{"name":"wp","href":"https:\/\/api.w.org\/{rel}","templated":true}]}}