{"id":1919,"date":"2009-12-28T20:55:38","date_gmt":"2009-12-28T23:55:38","guid":{"rendered":"http:\/\/pandc.10z.com.ar\/?p=1919"},"modified":"2011-06-19T16:18:25","modified_gmt":"2011-06-19T19:18:25","slug":"la-maquina-de-hacer-pajaros-la-maquina-de-hacer-pajaros-1976","status":"publish","type":"post","link":"https:\/\/pandc.10z.com.ar\/?p=1919","title":{"rendered":"La M\u00e1quina De Hacer P\u00e1jaros &#8211; La M\u00e1quina De Hacer P\u00e1jaros (1976)"},"content":{"rendered":"<p><a rel=\"https:\/\/pandc.10z.com.ar\/wp-content\/uploads\/2009\/12\/Maquinafront2.jpg\" href=\"https:\/\/pandc.10z.com.ar\/wp-content\/uploads\/2009\/12\/Maquinafront2.jpg\" target=\"_blank\"><img loading=\"lazy\" decoding=\"async\" class=\"aligncenter size-full wp-image-1918\" title=\"Maquinafront2\" src=\"https:\/\/pandc.10z.com.ar\/wp-content\/uploads\/2009\/12\/Maquinafront2.jpg\" alt=\"Maquinafront2\" width=\"400\" height=\"400\" \/><\/a><\/p>\n<p style=\"text-align: center;\">\n<p><a href=\"https:\/\/pandc.10z.com.ar\/wp-content\/uploads\/2009\/12\/Maquinafront1.jpg\" target=\"_blank\"><img loading=\"lazy\" decoding=\"async\" class=\"aligncenter size-full wp-image-1917\" title=\"Maquinafront1\" src=\"https:\/\/pandc.10z.com.ar\/wp-content\/uploads\/2009\/12\/Maquinafront1.jpg\" alt=\"Maquinafront1\" width=\"400\" height=\"400\" \/><\/a><\/p>\n<p style=\"text-align: center;\"><a rel=\"https:\/\/pandc.10z.com.ar\/wp-content\/uploads\/2009\/12\/Maquinafront.Jpg\" href=\"https:\/\/pandc.10z.com.ar\/wp-content\/uploads\/2009\/12\/Maquinafront.Jpg\" target=\"_blank\"><img loading=\"lazy\" decoding=\"async\" class=\"aligncenter size-full wp-image-1916\" title=\"Maquinafront\" src=\"https:\/\/pandc.10z.com.ar\/wp-content\/uploads\/2009\/12\/Maquinafront.Jpg\" alt=\"Maquinafront\" width=\"400\" height=\"400\" \/><\/a><\/p>\n<p style=\"text-align: left;\"><strong>Charly Garc\u00eda<\/strong> (Buenos Aires, el 23 de octubre de 1951) es compositor, productor, cantante y m\u00fasico multi-instrumentista. Figura emblem\u00e1tica desde los or\u00edgenes del rock argentino, fue fundador de bandas como Sui G\u00e9neris, La M\u00e1quina de Hacer P\u00e1jaros y Ser\u00fa Gir\u00e1n. A partir de 1982 comenz\u00f3 su carrera solista que se mantiene hasta la actualidad. Autor de decenas de canciones que forman parte del inconsciente colectivo argentino es, junto a Luis Alberto Spinetta, el m\u00fasico m\u00e1s importante del g\u00e9nero.<\/p>\n<p><strong>La M\u00e1quina de Hacer P\u00e1jaros<\/strong> es la banda que fund\u00f3 Charly Garc\u00eda tras la disoluci\u00f3n de <strong>Sui Generis<\/strong>. Es un proyecto novedoso que abandona el folk tan exitoso del d\u00fao fundacional del rock argentino, y de hecho fue el mejor intento de rock sinf\u00f3nico en Argentina. Para empezar, el grupo ten\u00eda dos tecladistas: el propio <strong>Garc\u00eda<\/strong>, y <strong>Carlos Cutaia<\/strong> para secundarlo creando climas verdaderamente cautivantes. El baterista fue <strong>Oscar Moro<\/strong>, que hab\u00eda sido parte del primer grupo de rock de Buenos Aires (<em>Los Gatos<\/em>), y completaban la formaci\u00f3n <strong>Gustavo Bazterrica <\/strong>(a\u00f1os despu\u00e9s integrando <em>Los Abuelos de la Nada<\/em>) y el bajista <strong>Jos\u00e9 Luis Fern\u00e1ndez<\/strong>.<\/p>\n<p>El nombre de la banda surgi\u00f3 del de una historieta que publicaba una revista de humor de la provincia de C\u00f3rdoba, Argentina, llamada <em>\u201cHortensia\u201d<\/em>. All\u00ed el dibujante <strong>Crist<\/strong> (seud\u00f3nimo de Crist\u00f3bal Reynoso), firmaba <em>\u201cGarc\u00eda y la m\u00e1quina de hacer p\u00e1jaros\u201d<\/em>. No fue dif\u00edcil amalgamar aquel t\u00edtulo con el nombre del grupo. De hecho, el \u00e1lbum debut de la banda que aqu\u00ed presentamos ten\u00eda como cubierta un episodio completo de la historieta hablando sobre el disco. Dentro de ese sobre, lo que muchos hoy creen que era la tapa del disco, con una foto de la banda \u201cpintada\u201d por el artista <strong>Juan Oreste Gatti<\/strong>, que en realidad era el sobre interno del L.P. El disco fue grabado en los Estudios Ion de Buenos Aires entre julio y septiembre de\u00a0 1976.<\/p>\n<p>Toda esta informaci\u00f3n, m\u00e1s los datos de la ficha t\u00e9cnica nunca estuvo presente en la pobr\u00edsima edici\u00f3n en CD que este \u00e1lbum tuvo en 1991, fecha desde la que est\u00e1 fuera de cat\u00e1logo.<\/p>\n<p>Ademas de su m\u00fasica y sus letras (todo compuesto y arreglado por <strong>Charly Garc\u00eda<\/strong>), este disco est\u00e1 en el fondo de mi coraz\u00f3n porque fue el primero que compr\u00e9, a la edad de 13 a\u00f1os.<\/p>\n<p><strong>M\u00fasicos:<\/strong><\/p>\n<p><strong>Charly Garc\u00eda: <\/strong>teclados, voz<br \/>\n<strong>Carlos Cutaia: <\/strong>teclados<br \/>\n<strong>Gustavo Bazterrica: <\/strong>guitarra<br \/>\n<strong>Jos\u00e9 Luis Fern\u00e1ndez: <\/strong>bajo<br \/>\n<strong>Oscar Moro: <\/strong>bater\u00eda<\/p>\n<p><strong>Invitados:<\/strong><\/p>\n<p><strong>Nito Mestre y Mar\u00eda Rosa Yorio:<\/strong> coros en 02.<br \/>\n<strong>H\u00e9ctor Dengis y Ana Quatraro: <\/strong>coros en 04<\/p>\n<p style=\"text-align: left;\"><strong>Tracklist:<\/strong><\/p>\n<p>01. Bubulina<br \/>\n02. C\u00f3mo mata el viento norte<br \/>\n03. Boletos, pases y abonos<br \/>\n04. No puedo verme m\u00e1s<br \/>\n05. Rock and roll<br \/>\n06. Por probar el vino y el agua salada<br \/>\n07. Ah, te vi entre las luces<\/p>\n<p>***<\/p>\n<p><a href=\"http:\/\/www.megaupload.com\/?d=8J56X8YB\"><strong>MU Aqu\u00ed<\/strong><\/a><\/p>\n<p><a href=\"http:\/\/rapidshare.com\/files\/327245041\/M__quina76.PC.rar\"><strong>RS Aqu\u00ed<\/strong><\/a><\/p>\n<p>***<\/p>\n","protected":false},"excerpt":{"rendered":"<p>Charly Garc\u00eda (Buenos Aires, el 23 de octubre de 1951) es compositor, productor, cantante y m\u00fasico multi-instrumentista. Figura emblem\u00e1tica desde los or\u00edgenes del rock argentino, fue fundador de bandas como Sui G\u00e9neris, La M\u00e1quina de Hacer P\u00e1jaros y Ser\u00fa Gir\u00e1n. A partir de 1982 comenz\u00f3 su carrera solista que se mantiene hasta la actualidad. Autor [&hellip;]<\/p>\n","protected":false},"author":5,"featured_media":0,"comment_status":"open","ping_status":"open","sticky":false,"template":"","format":"standard","meta":{"footnotes":""},"categories":[167,228],"tags":[229,168],"class_list":["post-1919","post","type-post","status-publish","format-standard","hentry","category-charly-garcia","category-la-maquina-de-hacer-pajaros","tag-progresivo","tag-rock-argentino"],"_links":{"self":[{"href":"https:\/\/pandc.10z.com.ar\/index.php?rest_route=\/wp\/v2\/posts\/1919","targetHints":{"allow":["GET"]}}],"collection":[{"href":"https:\/\/pandc.10z.com.ar\/index.php?rest_route=\/wp\/v2\/posts"}],"about":[{"href":"https:\/\/pandc.10z.com.ar\/index.php?rest_route=\/wp\/v2\/types\/post"}],"author":[{"embeddable":true,"href":"https:\/\/pandc.10z.com.ar\/index.php?rest_route=\/wp\/v2\/users\/5"}],"replies":[{"embeddable":true,"href":"https:\/\/pandc.10z.com.ar\/index.php?rest_route=%2Fwp%2Fv2%2Fcomments&post=1919"}],"version-history":[{"count":0,"href":"https:\/\/pandc.10z.com.ar\/index.php?rest_route=\/wp\/v2\/posts\/1919\/revisions"}],"wp:attachment":[{"href":"https:\/\/pandc.10z.com.ar\/index.php?rest_route=%2Fwp%2Fv2%2Fmedia&parent=1919"}],"wp:term":[{"taxonomy":"category","embeddable":true,"href":"https:\/\/pandc.10z.com.ar\/index.php?rest_route=%2Fwp%2Fv2%2Fcategories&post=1919"},{"taxonomy":"post_tag","embeddable":true,"href":"https:\/\/pandc.10z.com.ar\/index.php?rest_route=%2Fwp%2Fv2%2Ftags&post=1919"}],"curies":[{"name":"wp","href":"https:\/\/api.w.org\/{rel}","templated":true}]}}