{"id":1911,"date":"2021-04-28T23:38:00","date_gmt":"2021-04-29T02:38:00","guid":{"rendered":"http:\/\/pandc.10z.com.ar\/?p=1911"},"modified":"2021-04-29T15:51:36","modified_gmt":"2021-04-29T18:51:36","slug":"mina-sabor-a-mina-y-mas-p-c-1992-1999","status":"publish","type":"post","link":"https:\/\/pandc.10z.com.ar\/?p=1911","title":{"rendered":"Mina &#8211; Sabor a Mina&#8230;Y M\u00e1s P.&#038;C. (1992-1999)"},"content":{"rendered":"<p style=\"text-align: center;\"><a href=\"https:\/\/pandc.10z.com.ar\/wp-content\/img\/MinaSaborFront.jpg\" target=\"_blank\" rel=\"noopener\"><img loading=\"lazy\" decoding=\"async\" class=\"aligncenter\" title=\"MinaSabFront\" src=\"https:\/\/pandc.10z.com.ar\/wp-content\/img\/MinaSaborFront.jpg\" alt=\"\" width=\"400\" height=\"400\"><\/a><\/p>\n<p style=\"text-align: center;\">\n<p style=\"text-align: center;\"><a href=\"https:\/\/pandc.10z.com.ar\/wp-content\/img\/MinaSaborRETRO.jpg\" target=\"_blank\" rel=\"noopener\"><img loading=\"lazy\" decoding=\"async\" class=\"aligncenter\" title=\"MinaSabretro\" src=\"https:\/\/pandc.10z.com.ar\/wp-content\/img\/MinaSaborRETRO.jpg\" alt=\"\" width=\"400\" height=\"320\"><\/a><\/p>\n<p style=\"text-align: center;\">\n<p style=\"text-align: center;\"><a href=\"https:\/\/pandc.10z.com.ar\/wp-content\/img\/MinaSaborCD.jpg\" target=\"_blank\" rel=\"noopener\"><img loading=\"lazy\" decoding=\"async\" class=\"aligncenter\" title=\"MinaSabCd\" src=\"https:\/\/pandc.10z.com.ar\/wp-content\/img\/MinaSaborCD.jpg\" alt=\"\" width=\"400\" height=\"400\"><\/a><\/p>\n<p style=\"text-align: center;\">\n<p>No es novedad que Mina cante en espa\u00f1ol. Lo hizo casi desde el principio, en los tempranos sesenta, cuando era una chiquilina y se entregaba al ritmo sabroso de \u00abMoliendo caf\u00e9\u00bb o descubr\u00eda el dramatismo del bolero en \u00abSabor a m\u00ed\u00bb o \u00abLa barca\u00bb. Aqu\u00ed he reunido temas de dos \u00e1lbumes en espa\u00f1ol de Mina: \u00abSabor a Mina\u00bb de 1999 ven\u00eda como anexo en el peri\u00f3dico italiano Unit\u00e0&nbsp; Musica n\u00b0 21 y aqu\u00ed est\u00e1 completo. Adem\u00e1s est\u00e1n las pistas 17 a 23 que son extra\u00eddas de \u00abEspa\u00f1a, Mi amor\u00bb de Fonit Cetra, 1992.<\/p>\n<p><strong>Gr\u00e1fica adaptada por P.&amp;C.<\/strong><\/p>\n<p>***<\/p>\n<p><strong>Tracklist:<\/strong><\/p>\n<p>01. Sabor A Mi<br \/>\n02. Un Hoyo En La Arena (Un Buco Nella Sabbia)<br \/>\n03. Si Lloras, Si Ries (Se Piangi, Se Ridi)<br \/>\n04. Que Har\u00e1s (Tu Farai)<br \/>\n05. Ciudad Solitaria (It&#8217;s A Lonely town; Citt\u00e0 Vuota)<br \/>\n06. La Inmensidad (L&#8217;immensit\u00e0)<br \/>\n07. Angustia<br \/>\n08. Ninguem Me Ama<br \/>\n09. Ahora O Jam\u00e1s (Ora O Mai Pi\u00f9)<br \/>\n10. Canta Muchachita (Canta Ragazzina)<br \/>\n11. Yo Soy La Que Soy (Io Sono Quel Che Sono)<br \/>\n12. Y Si Ma\u00f1ana (E Se Domani)<br \/>\n13. Si No Estuvieras Tu (Se Tu Non Fossi Qui)<br \/>\n14. Un A\u00f1o De Amor (C&#8217;est irr\u00e9parable-Un Anno D&#8217;amore)<br \/>\n15. Adi\u00f3s (Addio)<br \/>\n16. Mi Hombre Ser\u00e1 (He Walks Like A Man-\u00c8 L&#8217;uomo Per Me)<br \/>\n17. El reloj<br \/>\n18. El \u00e1ngel de la guarda<br \/>\n19. Que har\u00e1s<br \/>\n20. La barca<br \/>\n21. Caminemos<br \/>\n22. Uno<br \/>\n23. Insensatez<\/p>\n<p>***********<\/p>\n<p><a href=\"https:\/\/disk.yandex.ru\/d\/l_9eTfX_7ArheQ\" target=\"_blank\" rel=\"noopener\"><strong>Descarga directa<\/strong><\/a><\/p>\n<p>***********<\/p>\n","protected":false},"excerpt":{"rendered":"<p>No es novedad que Mina cante en espa\u00f1ol. Lo hizo casi desde el principio, en los tempranos sesenta, cuando era una chiquilina y se entregaba al ritmo sabroso de \u00abMoliendo caf\u00e9\u00bb o descubr\u00eda el dramatismo del bolero en \u00abSabor a m\u00ed\u00bb o \u00abLa barca\u00bb. Aqu\u00ed he reunido temas de dos \u00e1lbumes en espa\u00f1ol de Mina: [&hellip;]<\/p>\n","protected":false},"author":4,"featured_media":0,"comment_status":"open","ping_status":"open","sticky":false,"template":"","format":"standard","meta":{"footnotes":""},"categories":[14],"tags":[3],"class_list":["post-1911","post","type-post","status-publish","format-standard","hentry","category-mina","tag-italia"],"_links":{"self":[{"href":"https:\/\/pandc.10z.com.ar\/index.php?rest_route=\/wp\/v2\/posts\/1911","targetHints":{"allow":["GET"]}}],"collection":[{"href":"https:\/\/pandc.10z.com.ar\/index.php?rest_route=\/wp\/v2\/posts"}],"about":[{"href":"https:\/\/pandc.10z.com.ar\/index.php?rest_route=\/wp\/v2\/types\/post"}],"author":[{"embeddable":true,"href":"https:\/\/pandc.10z.com.ar\/index.php?rest_route=\/wp\/v2\/users\/4"}],"replies":[{"embeddable":true,"href":"https:\/\/pandc.10z.com.ar\/index.php?rest_route=%2Fwp%2Fv2%2Fcomments&post=1911"}],"version-history":[{"count":2,"href":"https:\/\/pandc.10z.com.ar\/index.php?rest_route=\/wp\/v2\/posts\/1911\/revisions"}],"predecessor-version":[{"id":6387,"href":"https:\/\/pandc.10z.com.ar\/index.php?rest_route=\/wp\/v2\/posts\/1911\/revisions\/6387"}],"wp:attachment":[{"href":"https:\/\/pandc.10z.com.ar\/index.php?rest_route=%2Fwp%2Fv2%2Fmedia&parent=1911"}],"wp:term":[{"taxonomy":"category","embeddable":true,"href":"https:\/\/pandc.10z.com.ar\/index.php?rest_route=%2Fwp%2Fv2%2Fcategories&post=1911"},{"taxonomy":"post_tag","embeddable":true,"href":"https:\/\/pandc.10z.com.ar\/index.php?rest_route=%2Fwp%2Fv2%2Ftags&post=1911"}],"curies":[{"name":"wp","href":"https:\/\/api.w.org\/{rel}","templated":true}]}}