{"id":1845,"date":"2009-12-22T11:30:28","date_gmt":"2009-12-22T14:30:28","guid":{"rendered":"http:\/\/pandc.10z.com.ar\/?p=1845"},"modified":"2011-06-18T15:12:54","modified_gmt":"2011-06-18T18:12:54","slug":"luis-alberto-spinetta-un-manana-2008","status":"publish","type":"post","link":"https:\/\/pandc.10z.com.ar\/?p=1845","title":{"rendered":"Luis Alberto Spinetta &#8211; Un ma\u00f1ana (2008)"},"content":{"rendered":"<p style=\"text-align: center;\"><a href=\"https:\/\/pandc.10z.com.ar\/wp-content\/uploads\/2009\/12\/Unma\u00f1anafront.jpg\" target=\"_blank\"><\/a><a href=\"https:\/\/pandc.10z.com.ar\/wp-content\/img\/Unma\u00f1anafront.jpg\" target=\"_blank\"><img loading=\"lazy\" decoding=\"async\" class=\"aligncenter\" src=\"https:\/\/pandc.10z.com.ar\/wp-content\/img\/Unma\u00f1anafront.jpg\" alt=\"\" width=\"400\" height=\"400\" \/><\/a><br \/>\n<a href=\"https:\/\/pandc.10z.com.ar\/wp-content\/img\/Unma\u00f1anaback.jpg\" target=\"_blank\"><img loading=\"lazy\" decoding=\"async\" class=\"aligncenter\" src=\"https:\/\/pandc.10z.com.ar\/wp-content\/img\/Unma\u00f1anaback.jpg\" alt=\"\" width=\"400\" height=\"330\" \/><\/a><\/p>\n<p style=\"text-align: center;\"><a href=\"https:\/\/pandc.10z.com.ar\/wp-content\/uploads\/2009\/12\/Unma\u00f1anaback.jpg\" target=\"_blank\"><br \/>\n<\/a><\/p>\n<p style=\"text-align: left;\"><strong>Luis Alberto Spinetta<\/strong> naci\u00f3 el 23 de enero de 1950 en Buenos Aires. Es m\u00fasico, poeta y compositor, considerado uno de los m\u00e1s importantes de la Argentina. Su carrera, que lo tiene como uno de los pioneros del rock en castellano, abunda en obras de gran complejidad tanto instrumental, l\u00edrica y po\u00e9tica.<\/p>\n<p>Fue fundador y miembro de grupos fundamentales del rock argentino como <em>Almendra, Pescado Rabioso, Invisible, Spinetta Jade, Los Socios del Desierto<\/em> y edit\u00f3 tambi\u00e9n una larga serie de discos solistas. Muchos de esos albumes son considerados cl\u00e1sicos absolutos.<\/p>\n<p>El 21 de julio de 2009, fue galardonado con el <strong>Gardel de Oro<\/strong> (la premiaci\u00f3n de m\u00fasica mas importante de Argentina) a partir de su disco Un ma\u00f1ana, que tambi\u00e9n se llev\u00f3 los galardones a <em>Mejor \u00c1lbum Artista de Rock; Mejor Dise\u00f1o de Portada; Mejor Video Clip; Canci\u00f3n del A\u00f1o y \u00c1lbum del A\u00f1o<\/em>. Este disco tuvo una nominaci\u00f3n a un <strong>Grammy Latino<\/strong> en la categor\u00eda <em>\u00abMejor Album de Rock Vocal\u00bb<\/em>.\u00a0 Todos los temas pertenecen en letra y m\u00fasica a Spinetta, excepto <em>\u201cHombre de luz\u201d<\/em>, de <strong>Luis Santiago Spinetta<\/strong> (su padre).<\/p>\n<p><strong>M\u00fasicos:<\/strong><\/p>\n<p><strong>Luis Alberto Spinetta:<\/strong> guitarras, voz<br \/>\n<strong>Claudio Cardone:<\/strong> teclados<br \/>\n<strong>Sergio Verdinelli:<\/strong> bater\u00eda<br \/>\n<strong>Nerina Nicotra: <\/strong>bajo<\/p>\n<p><strong>Guitarristas Invitados:<\/strong><\/p>\n<p style=\"text-align: left;\"><strong>Nicol\u00e1s Ibarburu<\/strong> en \u201cTu vuelo al fin\u201d<\/p>\n<p style=\"text-align: left;\"><strong>Baltasar Comotto<\/strong> en \u201cVac\u00edo sideral\u201d<br \/>\n<strong>Sart\u00e9n Asaressi<\/strong> en \u201cMi elemento\u201d<\/p>\n<p>***<\/p>\n<p><a href=\"http:\/\/www.megaupload.com\/?d=TDD5VS7U\"><strong>Aqu\u00ed<\/strong><\/a><\/p>\n<p>***<\/p>\n<p style=\"text-align: left;\">\n","protected":false},"excerpt":{"rendered":"<p>Luis Alberto Spinetta naci\u00f3 el 23 de enero de 1950 en Buenos Aires. Es m\u00fasico, poeta y compositor, considerado uno de los m\u00e1s importantes de la Argentina. Su carrera, que lo tiene como uno de los pioneros del rock en castellano, abunda en obras de gran complejidad tanto instrumental, l\u00edrica y po\u00e9tica. Fue fundador y [&hellip;]<\/p>\n","protected":false},"author":5,"featured_media":0,"comment_status":"open","ping_status":"open","sticky":false,"template":"","format":"standard","meta":{"footnotes":""},"categories":[224],"tags":[168],"class_list":["post-1845","post","type-post","status-publish","format-standard","hentry","category-luis-alberto-spinetta","tag-rock-argentino"],"_links":{"self":[{"href":"https:\/\/pandc.10z.com.ar\/index.php?rest_route=\/wp\/v2\/posts\/1845","targetHints":{"allow":["GET"]}}],"collection":[{"href":"https:\/\/pandc.10z.com.ar\/index.php?rest_route=\/wp\/v2\/posts"}],"about":[{"href":"https:\/\/pandc.10z.com.ar\/index.php?rest_route=\/wp\/v2\/types\/post"}],"author":[{"embeddable":true,"href":"https:\/\/pandc.10z.com.ar\/index.php?rest_route=\/wp\/v2\/users\/5"}],"replies":[{"embeddable":true,"href":"https:\/\/pandc.10z.com.ar\/index.php?rest_route=%2Fwp%2Fv2%2Fcomments&post=1845"}],"version-history":[{"count":0,"href":"https:\/\/pandc.10z.com.ar\/index.php?rest_route=\/wp\/v2\/posts\/1845\/revisions"}],"wp:attachment":[{"href":"https:\/\/pandc.10z.com.ar\/index.php?rest_route=%2Fwp%2Fv2%2Fmedia&parent=1845"}],"wp:term":[{"taxonomy":"category","embeddable":true,"href":"https:\/\/pandc.10z.com.ar\/index.php?rest_route=%2Fwp%2Fv2%2Fcategories&post=1845"},{"taxonomy":"post_tag","embeddable":true,"href":"https:\/\/pandc.10z.com.ar\/index.php?rest_route=%2Fwp%2Fv2%2Ftags&post=1845"}],"curies":[{"name":"wp","href":"https:\/\/api.w.org\/{rel}","templated":true}]}}