{"id":1752,"date":"2009-12-08T16:20:19","date_gmt":"2009-12-08T18:20:19","guid":{"rendered":"http:\/\/pandc.10z.com.ar\/?p=1752"},"modified":"2011-04-17T10:56:48","modified_gmt":"2011-04-17T13:56:48","slug":"fiorella-mannoia-ho-imparato-a-sognare-2009","status":"publish","type":"post","link":"https:\/\/pandc.10z.com.ar\/?p=1752","title":{"rendered":"Fiorella Mannoia &#8211; Ho Imparato A Sognare (2009)"},"content":{"rendered":"<p style=\"text-align: center;\"><a href=\"https:\/\/pandc.10z.com.ar\/wp-content\/img\/Fioella09front.jpg\" target=\"_blank\"><img loading=\"lazy\" decoding=\"async\" class=\"aligncenter\" src=\"https:\/\/pandc.10z.com.ar\/wp-content\/img\/Fioella09front.jpg\" alt=\"\" width=\"400\" height=\"360\" \/><\/a><\/p>\n<p><a href=\"https:\/\/pandc.10z.com.ar\/wp-content\/img\/Fiorella09inside.jpg\" target=\"_blank\"><img loading=\"lazy\" decoding=\"async\" class=\"aligncenter\" src=\"https:\/\/pandc.10z.com.ar\/wp-content\/img\/Fiorella09inside.jpg\" alt=\"\" width=\"400\" height=\"400\" \/><\/a><\/p>\n<p style=\"text-align: center;\"><a href=\"https:\/\/pandc.10z.com.ar\/wp-content\/img\/Fiorella09back.jpg\" target=\"_blank\"><img loading=\"lazy\" decoding=\"async\" class=\"aligncenter\" src=\"https:\/\/pandc.10z.com.ar\/wp-content\/img\/Fiorella09back.jpg\" alt=\"\" width=\"400\" height=\"310\" \/><\/a><\/p>\n<p style=\"text-align: left;\">Este es el nuevo disco de <strong>Fiorella Mannoia<\/strong>, de reciente edici\u00f3n, y es un \u00e1lbum de covers, pero a su estilo. El trabajo re\u00fane canciones que <strong><\/strong>ha cantado en sus shows en los \u00faltimos dos a\u00f1os.<\/p>\n<p>El tema que da t\u00edtulo al \u00e1lbum pertenece a <strong>Negrita<\/strong>, y es el primer single extra\u00eddo del mismo. Pero tambi\u00e9n hay joyas como<em> \u201cE penso a te\u201d<\/em>, de <strong>Lucio Battisti<\/strong>, <em>\u201cC\u2019\u00e8 tempo\u201d <\/em>de <strong>Ivano Fossati<\/strong>, <em>\u201cCercami\u201d <\/em>de <strong>Renato Zero<\/strong> y la muy buena reinterpretaci\u00f3n que abre el disco, con <em>\u201cLe tue parole fanno male\u201d<\/em>, de <strong>Cesare Cremonini<\/strong>.<\/p>\n<p>***<\/p>\n<p><a href=\"http:\/\/www.megaupload.com\/?d=M3KF3NYB\"><strong>MU Aqu\u00ed<\/strong><\/a><\/p>\n<p><a href=\"http:\/\/rapidshare.com\/files\/317861005\/FMSognare.PC.rar\"><strong>RS Aqu\u00ed<\/strong><\/a><\/p>\n<p>***<\/p>\n","protected":false},"excerpt":{"rendered":"<p>Este es el nuevo disco de Fiorella Mannoia, de reciente edici\u00f3n, y es un \u00e1lbum de covers, pero a su estilo. El trabajo re\u00fane canciones que ha cantado en sus shows en los \u00faltimos dos a\u00f1os. El tema que da t\u00edtulo al \u00e1lbum pertenece a Negrita, y es el primer single extra\u00eddo del mismo. Pero [&hellip;]<\/p>\n","protected":false},"author":5,"featured_media":0,"comment_status":"open","ping_status":"open","sticky":false,"template":"","format":"standard","meta":{"footnotes":""},"categories":[215],"tags":[3],"class_list":["post-1752","post","type-post","status-publish","format-standard","hentry","category-fiorella-mannoia","tag-italia"],"_links":{"self":[{"href":"https:\/\/pandc.10z.com.ar\/index.php?rest_route=\/wp\/v2\/posts\/1752","targetHints":{"allow":["GET"]}}],"collection":[{"href":"https:\/\/pandc.10z.com.ar\/index.php?rest_route=\/wp\/v2\/posts"}],"about":[{"href":"https:\/\/pandc.10z.com.ar\/index.php?rest_route=\/wp\/v2\/types\/post"}],"author":[{"embeddable":true,"href":"https:\/\/pandc.10z.com.ar\/index.php?rest_route=\/wp\/v2\/users\/5"}],"replies":[{"embeddable":true,"href":"https:\/\/pandc.10z.com.ar\/index.php?rest_route=%2Fwp%2Fv2%2Fcomments&post=1752"}],"version-history":[{"count":0,"href":"https:\/\/pandc.10z.com.ar\/index.php?rest_route=\/wp\/v2\/posts\/1752\/revisions"}],"wp:attachment":[{"href":"https:\/\/pandc.10z.com.ar\/index.php?rest_route=%2Fwp%2Fv2%2Fmedia&parent=1752"}],"wp:term":[{"taxonomy":"category","embeddable":true,"href":"https:\/\/pandc.10z.com.ar\/index.php?rest_route=%2Fwp%2Fv2%2Fcategories&post=1752"},{"taxonomy":"post_tag","embeddable":true,"href":"https:\/\/pandc.10z.com.ar\/index.php?rest_route=%2Fwp%2Fv2%2Ftags&post=1752"}],"curies":[{"name":"wp","href":"https:\/\/api.w.org\/{rel}","templated":true}]}}