{"id":1719,"date":"2009-12-04T01:14:14","date_gmt":"2009-12-04T03:14:14","guid":{"rendered":"http:\/\/pandc.10z.com.ar\/?p=1719"},"modified":"2011-03-28T22:24:49","modified_gmt":"2011-03-29T01:24:49","slug":"nada-nada-1969","status":"publish","type":"post","link":"https:\/\/pandc.10z.com.ar\/?p=1719","title":{"rendered":"Nada &#8211; Nada (1969)"},"content":{"rendered":"<p style=\"text-align: center;\"><a href=\"https:\/\/pandc.10z.com.ar\/wp-content\/img\/NadaNadaFront.jpg\" target=\"_blank\"><img loading=\"lazy\" decoding=\"async\" class=\"aligncenter\" title=\"NadaNadafront\" src=\"https:\/\/pandc.10z.com.ar\/wp-content\/img\/NadaNadaFront.jpg\" alt=\"\" width=\"400\" height=\"400\" \/><\/a><\/p>\n<p style=\"text-align: center;\">\n<p style=\"text-align: center;\"><a href=\"https:\/\/pandc.10z.com.ar\/wp-content\/img\/NadaNadaRetro.jpg\" target=\"_blank\"><img loading=\"lazy\" decoding=\"async\" class=\"aligncenter\" title=\"NadaNadaRetro\" src=\"https:\/\/pandc.10z.com.ar\/wp-content\/img\/NadaNadaRetro.jpg\" alt=\"\" width=\"400\" height=\"320\" \/><\/a><\/p>\n<p style=\"text-align: center;\">\n<p>Nada Malanima (Gabbro (Rosignano Marittimo), 17 noviembre 1953), m\u00e1s conocida como Nada, debut\u00f3 en el Festival de San Remo en 1969, con la canci\u00f3n \u00abMa che freddo fa\u00bb quedando en quinto lugar,\u00a0 despu\u00e9s de debutar con un sencillo que contiene una cover en italiano de \u00abLes bicyclettes de Belsize\u00bb.<br \/>\nDebido al \u00e9xito de \u00abMa che freddo fa\u00bb, la RCA Italiana decide editar un \u00e1lbum completo de Nada, publicandolo bajo una de sus etiquetas, la RCA Talent.<br \/>\nEl disco abre con una cover de \u00abSauve moi\u00bb del cantante franco-vietnamita \u00c9ric Charden, y reune algunas otras traducciones al italiano de temas internacionales, como \u00abYellow submarine\u00bb de los Beatles.<\/p>\n<p>El Lp ha sido reeditado en CD en el 2001.<\/p>\n<p>***<\/p>\n<p><strong>Tracklist:<br \/>\n<\/strong><br \/>\n01. Senza Te<br \/>\n02. Ma Che Freddo Fa<br \/>\n03. Dai Vieni Qui<br \/>\n04. Cuore Stanco<br \/>\n05. Tu Tornerai Vicino A Me<br \/>\n06. Per Te Per Me<br \/>\n07. Biancaneve<br \/>\n08. Se Tu Ragazzo Mio<br \/>\n09. Una Rondine Bianca<br \/>\n10. Una Donna Sola<br \/>\n11. Les Byciclettes De Belsize<br \/>\n12. Yellow Submarine<\/p>\n<p>***<\/p>\n<p><a href=\"http:\/\/rapidshare.com\/files\/311131395\/Na69Nad.rar\">RS Aqu\u00ed<\/a><\/p>\n<p><a href=\"http:\/\/www.megaupload.com\/?d=WUOKCQ44\">MU Aqu\u00ed<\/a><\/p>\n<p>***<\/p>\n","protected":false},"excerpt":{"rendered":"<p>Nada Malanima (Gabbro (Rosignano Marittimo), 17 noviembre 1953), m\u00e1s conocida como Nada, debut\u00f3 en el Festival de San Remo en 1969, con la canci\u00f3n \u00abMa che freddo fa\u00bb quedando en quinto lugar,\u00a0 despu\u00e9s de debutar con un sencillo que contiene una cover en italiano de \u00abLes bicyclettes de Belsize\u00bb. Debido al \u00e9xito de \u00abMa che [&hellip;]<\/p>\n","protected":false},"author":4,"featured_media":0,"comment_status":"open","ping_status":"open","sticky":false,"template":"","format":"standard","meta":{"footnotes":""},"categories":[93],"tags":[3,41],"class_list":["post-1719","post","type-post","status-publish","format-standard","hentry","category-nada","tag-italia","tag-pop"],"_links":{"self":[{"href":"https:\/\/pandc.10z.com.ar\/index.php?rest_route=\/wp\/v2\/posts\/1719","targetHints":{"allow":["GET"]}}],"collection":[{"href":"https:\/\/pandc.10z.com.ar\/index.php?rest_route=\/wp\/v2\/posts"}],"about":[{"href":"https:\/\/pandc.10z.com.ar\/index.php?rest_route=\/wp\/v2\/types\/post"}],"author":[{"embeddable":true,"href":"https:\/\/pandc.10z.com.ar\/index.php?rest_route=\/wp\/v2\/users\/4"}],"replies":[{"embeddable":true,"href":"https:\/\/pandc.10z.com.ar\/index.php?rest_route=%2Fwp%2Fv2%2Fcomments&post=1719"}],"version-history":[{"count":0,"href":"https:\/\/pandc.10z.com.ar\/index.php?rest_route=\/wp\/v2\/posts\/1719\/revisions"}],"wp:attachment":[{"href":"https:\/\/pandc.10z.com.ar\/index.php?rest_route=%2Fwp%2Fv2%2Fmedia&parent=1719"}],"wp:term":[{"taxonomy":"category","embeddable":true,"href":"https:\/\/pandc.10z.com.ar\/index.php?rest_route=%2Fwp%2Fv2%2Fcategories&post=1719"},{"taxonomy":"post_tag","embeddable":true,"href":"https:\/\/pandc.10z.com.ar\/index.php?rest_route=%2Fwp%2Fv2%2Ftags&post=1719"}],"curies":[{"name":"wp","href":"https:\/\/api.w.org\/{rel}","templated":true}]}}