{"id":1649,"date":"2009-11-20T11:31:04","date_gmt":"2009-11-20T14:31:04","guid":{"rendered":"http:\/\/pandc.10z.com.ar\/?p=1649"},"modified":"2011-04-14T15:15:56","modified_gmt":"2011-04-14T18:15:56","slug":"david-byrne-rei-momo-1989","status":"publish","type":"post","link":"https:\/\/pandc.10z.com.ar\/?p=1649","title":{"rendered":"David Byrne &#8211; Rei Momo (1989)"},"content":{"rendered":"<p style=\"text-align: center;\"><a href=\"https:\/\/pandc.10z.com.ar\/wp-content\/img\/Reimomofront.jpg\" target=\"_blank\"><img loading=\"lazy\" decoding=\"async\" class=\"aligncenter\" src=\"https:\/\/pandc.10z.com.ar\/wp-content\/img\/Reimomofront.jpg\" alt=\"\" width=\"400\" height=\"400\" \/><\/a><\/p>\n<p style=\"text-align: center;\"><a href=\"https:\/\/pandc.10z.com.ar\/wp-content\/img\/Reimomoback.jpg\" target=\"_blank\"><img loading=\"lazy\" decoding=\"async\" class=\"aligncenter\" src=\"https:\/\/pandc.10z.com.ar\/wp-content\/img\/Reimomoback.jpg\" alt=\"\" width=\"400\" height=\"330\" \/><\/a><\/p>\n<p style=\"text-align: left;\"><strong>David Byrne<\/strong> naci\u00f3 en Dumbarton, Escocia, el 14 de mayo de 1985 y fue el guitarrista y l\u00edder de la banda <strong>Talking Heads<\/strong>, fundada en 1974 y que gan\u00f3 notoriedad por fundir al rock con diversos g\u00e9neros musicales.<\/p>\n<p>Adem\u00e1s de su trabajo como m\u00fasico, <strong>Byrne <\/strong>compuso m\u00fasica para otros artistas, m\u00fasica para ballet, bandas de sonido para cine y se dedica a la producci\u00f3n de diversos grupos. Tambi\u00e9n se ha dedicado al arte de la fotograf\u00eda y ha dirigido cine.<\/p>\n<p><em>Rei Momo <\/em>es el nombre del rey del carnaval, en R\u00edo. Es una figura mitol\u00f3gica que encarna el af\u00e1n hedonista de la fiesta que celebra el fin del verano, que de alguna manera es la fiesta para acabar con todas las fiestas. <strong>David Byrne<\/strong> no pod\u00eda escoger un mejor nombre para su disco. El primer trabajo en solitario de <strong>David Byrne<\/strong>, es festivo hasta el exceso, aunque quiz\u00e1s encuentra en su balance perfecto una mesura que el carnaval desconoce.<\/p>\n<p style=\"text-align: left;\">Fue editado el 9 de octubre de 1989. En \u00e9l, Byrne presenta canciones con ritmos afrocubamos, afrolatinos y brasile\u00f1os. Y es l\u00f3gico que surgiera naturalmente, dado que siempre se mostr\u00f3 interesado en los estilos musicales sudamericanos. Y se acompa\u00f1a con un verdadero seleccionado de <em>Monstruos Sagrados<\/em> de la m\u00fasica con la que se involucra, y baste para ello echar una ojeada a la lista de m\u00fasicos y cantantes que lo secundan.<\/p>\n<p><strong>Un disco fabuloso que merece la pena compartirse aqu\u00ed.<\/strong><\/p>\n<p><strong>M\u00fasicos:<\/strong><\/p>\n<p><strong>David Byrne:<\/strong> guitarra, voz<br \/>\n<strong>Willie Colon: <\/strong>coros<br \/>\n<strong>Johnny Pacheco: <\/strong>congas<br \/>\n<strong>Marc Qui\u00f1ones: <\/strong>timbal<br \/>\n<strong>Celia Cruz:<\/strong> voz en <em>\u00abLoco de amor\u00bb<\/em><br \/>\n<strong>Herbert Vianna:<\/strong> voz en <em>\u00abOffice cowboy\u00bb<\/em><br \/>\n<strong>Sergio Brindao:<\/strong> bajo<br \/>\n<strong>Jose Gallegos:<\/strong> teclados<br \/>\n<strong>Juan Mart\u00ednez: <\/strong>bater\u00eda<br \/>\n<strong>Jos\u00e9 Mangual: <\/strong>g\u00fcira<br \/>\n<strong>Milton Cardona:<\/strong> percusi\u00f3n<br \/>\n<strong>Lewis Kahn:<\/strong> viol\u00edn<br \/>\n<strong>Bob Porcelli: <\/strong>saxo alto<br \/>\n<strong>Ken Hitchcock:<\/strong> saxo alto<br \/>\n<strong>Mitch Frohoman:<\/strong> saxo tenor<br \/>\n<strong>Charlie Sepulveda:<\/strong> trompeta<br \/>\n<strong>Joe Shepley:<\/strong> trompeta<br \/>\n<strong>Angel Fernandez:<\/strong> tompeta<br \/>\n<strong>Tom Malone:<\/strong> saxo tenor<br \/>\n<strong>Dave Taylor:<\/strong> tromb\u00f3n bajo<br \/>\n<strong>Ite Jerez: <\/strong>trompeta<br \/>\n<strong>Agapito Pascual: <\/strong>acorde\u00f3n<br \/>\n<strong>Siro Baptista: <\/strong>caixa<br \/>\n<strong>Reinaldo Fernandes:<\/strong> percusi\u00f3n<br \/>\n<strong>Tiborio Nascimento:<\/strong> guitarra ac\u00fastica<\/p>\n<p>***<\/p>\n<p><a href=\"http:\/\/www.megaupload.com\/?d=MN2FCDE7\"><strong>MU Aqu\u00ed<\/strong><\/a><\/p>\n<p><a href=\"http:\/\/rapidshare.com\/files\/309243366\/DBMomo.PC.rar\"><strong>RS Aqu\u00ed<\/strong><\/a><\/p>\n<p>***<\/p>\n","protected":false},"excerpt":{"rendered":"<p>David Byrne naci\u00f3 en Dumbarton, Escocia, el 14 de mayo de 1985 y fue el guitarrista y l\u00edder de la banda Talking Heads, fundada en 1974 y que gan\u00f3 notoriedad por fundir al rock con diversos g\u00e9neros musicales. Adem\u00e1s de su trabajo como m\u00fasico, Byrne compuso m\u00fasica para otros artistas, m\u00fasica para ballet, bandas de [&hellip;]<\/p>\n","protected":false},"author":5,"featured_media":0,"comment_status":"open","ping_status":"open","sticky":false,"template":"","format":"standard","meta":{"footnotes":""},"categories":[199],"tags":[23,41,116],"class_list":["post-1649","post","type-post","status-publish","format-standard","hentry","category-david-byrne","tag-latino","tag-pop","tag-salsa"],"_links":{"self":[{"href":"https:\/\/pandc.10z.com.ar\/index.php?rest_route=\/wp\/v2\/posts\/1649","targetHints":{"allow":["GET"]}}],"collection":[{"href":"https:\/\/pandc.10z.com.ar\/index.php?rest_route=\/wp\/v2\/posts"}],"about":[{"href":"https:\/\/pandc.10z.com.ar\/index.php?rest_route=\/wp\/v2\/types\/post"}],"author":[{"embeddable":true,"href":"https:\/\/pandc.10z.com.ar\/index.php?rest_route=\/wp\/v2\/users\/5"}],"replies":[{"embeddable":true,"href":"https:\/\/pandc.10z.com.ar\/index.php?rest_route=%2Fwp%2Fv2%2Fcomments&post=1649"}],"version-history":[{"count":0,"href":"https:\/\/pandc.10z.com.ar\/index.php?rest_route=\/wp\/v2\/posts\/1649\/revisions"}],"wp:attachment":[{"href":"https:\/\/pandc.10z.com.ar\/index.php?rest_route=%2Fwp%2Fv2%2Fmedia&parent=1649"}],"wp:term":[{"taxonomy":"category","embeddable":true,"href":"https:\/\/pandc.10z.com.ar\/index.php?rest_route=%2Fwp%2Fv2%2Fcategories&post=1649"},{"taxonomy":"post_tag","embeddable":true,"href":"https:\/\/pandc.10z.com.ar\/index.php?rest_route=%2Fwp%2Fv2%2Ftags&post=1649"}],"curies":[{"name":"wp","href":"https:\/\/api.w.org\/{rel}","templated":true}]}}