{"id":1640,"date":"2009-11-18T09:49:03","date_gmt":"2009-11-18T12:49:03","guid":{"rendered":"http:\/\/pandc.10z.com.ar\/?p=1640"},"modified":"2011-04-08T09:44:16","modified_gmt":"2011-04-08T12:44:16","slug":"djavan-a-voz-o-violao-1976","status":"publish","type":"post","link":"https:\/\/pandc.10z.com.ar\/?p=1640","title":{"rendered":"Djavan &#8211; A Voz, O Viol\u00e3o (1976)"},"content":{"rendered":"<p style=\"text-align: center;\"><a href=\"https:\/\/pandc.10z.com.ar\/wp-content\/img\/Djavan1.jpg\" target=\"_blank\"><img loading=\"lazy\" decoding=\"async\" class=\"aligncenter\" src=\"https:\/\/pandc.10z.com.ar\/wp-content\/img\/Djavan1.jpg\" alt=\"\" width=\"400\" height=\"401\" \/><\/a><\/p>\n<p style=\"text-align: left;\"><strong>Djavan<\/strong>, uno de los m\u00e1s creativos y relevantes m\u00fasicos de este tiempo. El trabajo del artista nordestino mezcla de manera original, la m\u00e1s aut\u00e9ntica m\u00fasica de su pa\u00eds.<\/p>\n<p><strong>Djavan Caetano Viana<\/strong> naci\u00f3 el 27 de enero de 1949 en Macei\u00f3. La m\u00fasica se revel\u00f3 esencial para su vida en la adolescencia. Aprendi\u00f3 a tocar la guitarra solo, mirando, oyendo, acompa\u00f1ando las notas que escuchaba por la radio. A los 18 a\u00f1os form\u00f3 el conjunto <em>\u201cLuz, Som, Dimens\u00e2o\u201d<\/em>, que animaba bailes en clubes, playas e iglesias de Macei\u00f3. Al a\u00f1o siguiente <strong>Djavan<\/strong> se dedicaba s\u00f3lo a la m\u00fasica, descubriendo que pod\u00eda componer sus propias canciones.<\/p>\n<p><strong>Djavan<\/strong> comenz\u00f3 su carrera musical en 1973 cuando lleg\u00f3 a Rio de Janeiro contratado como crooner en la \u00abBoate\u00bb Number One de esa ciudad.\u00a0 La chance de mostrar su talento como compositor la tuvo en 1975 con el <em>Festival Abertura<\/em>. Conquistando el segundo lugar, su carrera fue un hecho consumado.\u00a0 Grab\u00f3 su primer \u00e1lbum en 1976: <em>\u201cA voz, o viol\u00e2o\u201d<\/em>: el arte de Djavan inscribi\u00f3 a <em>\u201cFlor de Lis\u201d<\/em> para la posteridad.<\/p>\n<p><strong>Tracklist:<\/strong><\/p>\n<p>01. Flor de Lis<br \/>\n02. Na Boca do Beco<br \/>\n03. Ma\u00e7a do Rosto<br \/>\n04. P\u00e1ra-Raio<br \/>\n05. E Que Deus Ajude<br \/>\n06. Quantas Voltas D\u00e1 O Meu Mundo<br \/>\n07. Maria das Mercedes<br \/>\n08. Muito Obrigado<br \/>\n09. Embola a Bola<br \/>\n10. Fato Consumado<br \/>\n11. Magia<br \/>\n12. Ventos do Norte<\/p>\n<p>***<\/p>\n<p><a href=\"http:\/\/www.megaupload.com\/?d=WF3LQ8VS\"><strong>MU Aqu\u00ed<\/strong><\/a><\/p>\n<p><a href=\"http:\/\/rapidshare.com\/files\/308085233\/DjVozviolao.PC.rar\"><strong>RS Aqu\u00ed<\/strong><\/a><\/p>\n<p>***<\/p>\n","protected":false},"excerpt":{"rendered":"<p>Djavan, uno de los m\u00e1s creativos y relevantes m\u00fasicos de este tiempo. El trabajo del artista nordestino mezcla de manera original, la m\u00e1s aut\u00e9ntica m\u00fasica de su pa\u00eds. Djavan Caetano Viana naci\u00f3 el 27 de enero de 1949 en Macei\u00f3. La m\u00fasica se revel\u00f3 esencial para su vida en la adolescencia. Aprendi\u00f3 a tocar la [&hellip;]<\/p>\n","protected":false},"author":5,"featured_media":0,"comment_status":"open","ping_status":"open","sticky":false,"template":"","format":"standard","meta":{"footnotes":""},"categories":[197],"tags":[12],"class_list":["post-1640","post","type-post","status-publish","format-standard","hentry","category-djavan","tag-brasil"],"_links":{"self":[{"href":"https:\/\/pandc.10z.com.ar\/index.php?rest_route=\/wp\/v2\/posts\/1640","targetHints":{"allow":["GET"]}}],"collection":[{"href":"https:\/\/pandc.10z.com.ar\/index.php?rest_route=\/wp\/v2\/posts"}],"about":[{"href":"https:\/\/pandc.10z.com.ar\/index.php?rest_route=\/wp\/v2\/types\/post"}],"author":[{"embeddable":true,"href":"https:\/\/pandc.10z.com.ar\/index.php?rest_route=\/wp\/v2\/users\/5"}],"replies":[{"embeddable":true,"href":"https:\/\/pandc.10z.com.ar\/index.php?rest_route=%2Fwp%2Fv2%2Fcomments&post=1640"}],"version-history":[{"count":0,"href":"https:\/\/pandc.10z.com.ar\/index.php?rest_route=\/wp\/v2\/posts\/1640\/revisions"}],"wp:attachment":[{"href":"https:\/\/pandc.10z.com.ar\/index.php?rest_route=%2Fwp%2Fv2%2Fmedia&parent=1640"}],"wp:term":[{"taxonomy":"category","embeddable":true,"href":"https:\/\/pandc.10z.com.ar\/index.php?rest_route=%2Fwp%2Fv2%2Fcategories&post=1640"},{"taxonomy":"post_tag","embeddable":true,"href":"https:\/\/pandc.10z.com.ar\/index.php?rest_route=%2Fwp%2Fv2%2Ftags&post=1640"}],"curies":[{"name":"wp","href":"https:\/\/api.w.org\/{rel}","templated":true}]}}