{"id":1638,"date":"2009-11-18T09:45:57","date_gmt":"2009-11-18T12:45:57","guid":{"rendered":"http:\/\/pandc.10z.com.ar\/?p=1638"},"modified":"2011-04-14T15:25:31","modified_gmt":"2011-04-14T18:25:31","slug":"djavan-djavan-1978","status":"publish","type":"post","link":"https:\/\/pandc.10z.com.ar\/?p=1638","title":{"rendered":"Djavan &#8211; Djavan (1978)"},"content":{"rendered":"<p style=\"text-align: center;\"><a href=\"https:\/\/pandc.10z.com.ar\/wp-content\/img\/djavan1978front.jpg\" target=\"_blank\"><img loading=\"lazy\" decoding=\"async\" class=\"aligncenter\" src=\"https:\/\/pandc.10z.com.ar\/wp-content\/img\/djavan1978front.jpg\" alt=\"\" width=\"400\" height=\"400\" \/><\/a><\/p>\n<p style=\"text-align: left;\">En 1977, luego del lanzamiento de su disco debut, <strong>Djavan<\/strong> firma contrato con la EMI, para la que grab\u00f3 tres \u00e1lbumes. El primero de ellos, \u00e9ste: su segunda placa de 1978.<\/p>\n<p>El disco muestra a <strong>Djavan<\/strong> desarrollando arreglos m\u00e1s elaborados y su vocalizaci\u00f3n inconfundible.\u00a0 Se destacan <em>\u201cAlibi\u201d<\/em> (que fue \u00e9xito en la voz de <strong>Mar\u00eda Bethania<\/strong>) y<em> \u201cSerrado\u201d<\/em>, con un trabajo mel\u00f3dico excepcional.<\/p>\n<p><strong>M\u00fasicos:<\/strong><br \/>\nDjavan: Voz y guitarras<br \/>\nEduardo Souto Neto: Teclados<br \/>\nGilson Peranzzetta: Teclados<br \/>\nHermes Contesini: Percuss\u00e3o<br \/>\nMarku Ribas: Percuss\u00e3o<br \/>\nAry Piassarollo: Guitarra<br \/>\nDanilo Caymmi: Flauta<br \/>\nLuiz\u00e3o Maia: Baixo El\u00e9trico<br \/>\nMauro Senise: Flauta<br \/>\nPaulinho Braga: Bater\u00eda<br \/>\nMarizinha: Coro<br \/>\nRegina Correa: Coro<br \/>\nRoberto Correa: Coro<br \/>\nH\u00e9lio Delmiro: Guitarra<br \/>\nLuiz\u00e3o Maia: Bajo el\u00e9ctrico<br \/>\nDominguinhos: Acordeon<\/p>\n<p><strong>Tracklist:<\/strong><\/p>\n<p>01. Cara De \u00cdndio<br \/>\n02. Serrado<br \/>\n03. \u00c1gua<br \/>\n04. \u00c1libi<br \/>\n05. Numa Esquina De Hanoi<br \/>\n06. Minha M\u00e3e<br \/>\n07. Alagoas<br \/>\n08. Est\u00f3ria De Cantador<br \/>\n09. Nereci<br \/>\n10. Samba Dourado<br \/>\n11. Dupla Trai\u00e7\u00e3o<\/p>\n<p>***<\/p>\n<p><a href=\"http:\/\/www.megaupload.com\/?d=VCLZATH5\"><strong>MU Aqu\u00ed<\/strong><\/a><\/p>\n<p><a href=\"http:\/\/rapidshare.com\/files\/308085236\/Dj78.PC.rar\"><strong>RS Aqu\u00ed<\/strong><\/a><\/p>\n<p>***<\/p>\n","protected":false},"excerpt":{"rendered":"<p>En 1977, luego del lanzamiento de su disco debut, Djavan firma contrato con la EMI, para la que grab\u00f3 tres \u00e1lbumes. El primero de ellos, \u00e9ste: su segunda placa de 1978. El disco muestra a Djavan desarrollando arreglos m\u00e1s elaborados y su vocalizaci\u00f3n inconfundible.\u00a0 Se destacan \u201cAlibi\u201d (que fue \u00e9xito en la voz de Mar\u00eda [&hellip;]<\/p>\n","protected":false},"author":5,"featured_media":0,"comment_status":"open","ping_status":"open","sticky":false,"template":"","format":"standard","meta":{"footnotes":""},"categories":[197],"tags":[12],"class_list":["post-1638","post","type-post","status-publish","format-standard","hentry","category-djavan","tag-brasil"],"_links":{"self":[{"href":"https:\/\/pandc.10z.com.ar\/index.php?rest_route=\/wp\/v2\/posts\/1638","targetHints":{"allow":["GET"]}}],"collection":[{"href":"https:\/\/pandc.10z.com.ar\/index.php?rest_route=\/wp\/v2\/posts"}],"about":[{"href":"https:\/\/pandc.10z.com.ar\/index.php?rest_route=\/wp\/v2\/types\/post"}],"author":[{"embeddable":true,"href":"https:\/\/pandc.10z.com.ar\/index.php?rest_route=\/wp\/v2\/users\/5"}],"replies":[{"embeddable":true,"href":"https:\/\/pandc.10z.com.ar\/index.php?rest_route=%2Fwp%2Fv2%2Fcomments&post=1638"}],"version-history":[{"count":0,"href":"https:\/\/pandc.10z.com.ar\/index.php?rest_route=\/wp\/v2\/posts\/1638\/revisions"}],"wp:attachment":[{"href":"https:\/\/pandc.10z.com.ar\/index.php?rest_route=%2Fwp%2Fv2%2Fmedia&parent=1638"}],"wp:term":[{"taxonomy":"category","embeddable":true,"href":"https:\/\/pandc.10z.com.ar\/index.php?rest_route=%2Fwp%2Fv2%2Fcategories&post=1638"},{"taxonomy":"post_tag","embeddable":true,"href":"https:\/\/pandc.10z.com.ar\/index.php?rest_route=%2Fwp%2Fv2%2Ftags&post=1638"}],"curies":[{"name":"wp","href":"https:\/\/api.w.org\/{rel}","templated":true}]}}