{"id":1623,"date":"2009-11-15T14:08:19","date_gmt":"2009-11-15T16:08:19","guid":{"rendered":"http:\/\/pandc.10z.com.ar\/?p=1623"},"modified":"2011-01-05T08:34:16","modified_gmt":"2011-01-05T11:34:16","slug":"adamo-petit-bonheur-1970","status":"publish","type":"post","link":"https:\/\/pandc.10z.com.ar\/?p=1623","title":{"rendered":"Adamo &#8211; Petit Bonheur (1970)"},"content":{"rendered":"<p style=\"text-align: center;\"><a href=\"https:\/\/pandc.10z.com.ar\/wp-content\/img\/AdamoPetitFront.jpg\" target=\"_blank\"><img loading=\"lazy\" decoding=\"async\" class=\"aligncenter\" title=\"AdamoPetitFront\" src=\"https:\/\/pandc.10z.com.ar\/wp-content\/img\/AdamoPetitFront.jpg\" alt=\"\" width=\"400\" height=\"400\" \/><\/a><\/p>\n<p style=\"text-align: center;\">\n<p style=\"text-align: center;\"><a href=\"https:\/\/pandc.10z.com.ar\/wp-content\/img\/AdamoPetitRetro.jpg\" target=\"_blank\"><img loading=\"lazy\" decoding=\"async\" class=\"aligncenter\" title=\"AdamoPetitRetro\" src=\"https:\/\/pandc.10z.com.ar\/wp-content\/img\/AdamoPetitRetro.jpg\" alt=\"\" width=\"400\" height=\"320\" \/><\/a><\/p>\n<p style=\"text-align: center;\">\n<p style=\"text-align: center;\"><a href=\"https:\/\/pandc.10z.com.ar\/wp-content\/img\/AdamoPetitCd.jpg\" target=\"_blank\"><img loading=\"lazy\" decoding=\"async\" class=\"aligncenter\" title=\"AdamoPetitCd\" src=\"https:\/\/pandc.10z.com.ar\/wp-content\/img\/AdamoPetitCd.jpg\" alt=\"\" width=\"400\" height=\"400\" \/><\/a><\/p>\n<p style=\"text-align: center;\">\n<p>La discograf\u00eda de Adamo es una de las m\u00e1s extensas y variadas que podamos encontrar en un artista europeo. Este \u00e1lbum fue editado en Lp por EMI-La voix de son ma\u00eetre\u00a0 (Francia) en enero de1970; fue remasterizado en Cd dos veces, en el 2001 por Magic Record y en 2003 por EMI Belgium (esta es la versi\u00f3n que presentamos).<br \/>\nAdem\u00e1s de las tapas originales tenemos una \u00abremasterizaci\u00f3n\u00bb gr\u00e1fica de <strong>Kurtigghiu<\/strong> (mucho mejor que la original) que completa este disco, gracias al ofrecimiento del \u00abC\u00f3mplice\u00bb <strong>Christian<\/strong>.<\/p>\n<p>Un excelente \u00e1lbum, como practicamente todos los de Adamo en franc\u00e9s; tengo que confesar que me gusta menos cuando canta en otros idiomas.<\/p>\n<p>Una pasi\u00f3n para la m\u00fasica y una calidad vocal te\u00f1ida de emoci\u00f2n han hecho de Salvatore Adamo, o solo Adamo, uno de los cantautores m\u00e1s acertados poeticamente y comercialmente de Europa y del mundo.<\/p>\n<p>Salvatore Adamo (Comiso, Sicilia, Italia, 1 de noviembre de 1943 ) es un cantautor \u00edtalo-belga de fama internacional. El \u00e1lbum de debut, Adamo \u00ab63-64\u00bb, con: \u00abVous Permettez, Monsieur\u00bb y \u00abTombe la neige\u00bb lo transforma en una celebridad internacional, confirmando su talento de autor, compositor, interprete y demostrando de ser un artista completo.<\/p>\n<p>En 1947, emigr\u00f3 a B\u00e9lgica desde Italia con su padre y su madre, a la edad de cuatro a\u00f1os; siendo un estudiante brillante Adamo pudo evitar la industria del carb\u00f3n, destino de su padre y de muchos emigrantes, y se a concentrado en sus estudios acad\u00e9micos y musicales.<\/p>\n<p>Adamo es una de las m\u00e0s grandes estrellas en el mundo musical de lengua francesa, a escrito libros de poes\u00eca y recientemente una novela, obteniendo una alabadora critica. La \u00abcultura francofona\u00bb (Francia, Belgica, Canada&#8230;) le ha conferido numerosas condecorac\u00econes, por su brillante empe\u00f1o intelectual y cultural.<\/p>\n<p>Las influencias de Adamo incluyen los versos de Victor Hugo y la m\u00fasica de Jacques Pr\u00e8vert, Georges Brassens, el tango y las \u00abcanzonette Italiane\u00bb. Adem\u00e0s Adamo tiene la facilidad de componer temas que pasan con facilidad de la balada al rock, del vals al beat, del disco al tango, reuniendo con su poes\u00eda el p\u00fablico m\u00e1s amplio, no s\u00f3lo a nivel mundial sino de edad, gracias a su maleabilidad y talento.<\/p>\n<p>En los\u00a0 a\u00f1os sesenta y setenta, Adamo alcanz\u00f3 su cumbre comercial, vendiendo a hoy mas de 100 millones de discos en todo el mundo y componiendo mas de 450 canciones (letra y musica). A fines de la d\u00e9cada de los \u201960 compet\u00eda palmo a palmo con los Beatles, ten\u00eda el t\u00edtulo de artista m\u00e1s vendedor en el mundo, colocando a los primeros puestos de las\u00a0 Hit Parades bell\u00ecsimas canciones como: \u00abTombe la neige\u00bb (\u00abCae la Nieve\u00bb &#8211; \u00abYouki wa furu\u00bb) (en Jap\u00f2n donde todav\u00eca hoy es un \u00ecdolo,\u00a0 este tema permaneci\u00f2 72 semanas al primer lugar) La noche, Dolce Paola, Vous permettez Monsieur, Inch&#8217;Allah, y tantas otras..<\/p>\n<p>Hasta el d\u00eda de hoy sigue grabando y vendiendo discos (100 millones).<\/p>\n<p>***<\/p>\n<p><strong>Tracklist:<\/strong><\/p>\n<p>01. Petit Bonheur.<br \/>\n02. Ne te prends pas pour cendrillon.<br \/>\n03. Oui la mer a berc\u00e9 tant d&#8217;amours aucreux de ses vagues le temp d&#8217;un \u00e9t\u00e9.<br \/>\n04. La pecheresse.<br \/>\n05. Mon cinema.<br \/>\n06. Gagner du temps.<br \/>\n07. Le monde a l&#8217;envers.<br \/>\n08. Si le ciel est amoureux de toi.<br \/>\n09. No\u00ebl sur les milandes.<br \/>\n10. A demain sur la lune.<br \/>\n11. Et apr\u00e8s<\/p>\n<p>***<\/p>\n<p><a href=\"http:\/\/rapidshare.com\/files\/307411154\/Ada70Petit.rar\">RS Aqu\u00ed<\/a><\/p>\n<p><a href=\"http:\/\/www.megaupload.com\/?d=1BESPWR2\">MU Aqu\u00ed<\/a><\/p>\n<p>***<\/p>\n<p style=\"text-align: center;\">\n","protected":false},"excerpt":{"rendered":"<p>La discograf\u00eda de Adamo es una de las m\u00e1s extensas y variadas que podamos encontrar en un artista europeo. Este \u00e1lbum fue editado en Lp por EMI-La voix de son ma\u00eetre\u00a0 (Francia) en enero de1970; fue remasterizado en Cd dos veces, en el 2001 por Magic Record y en 2003 por EMI Belgium (esta es [&hellip;]<\/p>\n","protected":false},"author":4,"featured_media":0,"comment_status":"open","ping_status":"open","sticky":false,"template":"","format":"standard","meta":{"footnotes":""},"categories":[194],"tags":[10,41],"class_list":["post-1623","post","type-post","status-publish","format-standard","hentry","category-adamo","tag-francia","tag-pop"],"_links":{"self":[{"href":"https:\/\/pandc.10z.com.ar\/index.php?rest_route=\/wp\/v2\/posts\/1623","targetHints":{"allow":["GET"]}}],"collection":[{"href":"https:\/\/pandc.10z.com.ar\/index.php?rest_route=\/wp\/v2\/posts"}],"about":[{"href":"https:\/\/pandc.10z.com.ar\/index.php?rest_route=\/wp\/v2\/types\/post"}],"author":[{"embeddable":true,"href":"https:\/\/pandc.10z.com.ar\/index.php?rest_route=\/wp\/v2\/users\/4"}],"replies":[{"embeddable":true,"href":"https:\/\/pandc.10z.com.ar\/index.php?rest_route=%2Fwp%2Fv2%2Fcomments&post=1623"}],"version-history":[{"count":0,"href":"https:\/\/pandc.10z.com.ar\/index.php?rest_route=\/wp\/v2\/posts\/1623\/revisions"}],"wp:attachment":[{"href":"https:\/\/pandc.10z.com.ar\/index.php?rest_route=%2Fwp%2Fv2%2Fmedia&parent=1623"}],"wp:term":[{"taxonomy":"category","embeddable":true,"href":"https:\/\/pandc.10z.com.ar\/index.php?rest_route=%2Fwp%2Fv2%2Fcategories&post=1623"},{"taxonomy":"post_tag","embeddable":true,"href":"https:\/\/pandc.10z.com.ar\/index.php?rest_route=%2Fwp%2Fv2%2Ftags&post=1623"}],"curies":[{"name":"wp","href":"https:\/\/api.w.org\/{rel}","templated":true}]}}