{"id":1617,"date":"2009-11-13T23:45:42","date_gmt":"2009-11-14T01:45:42","guid":{"rendered":"http:\/\/pandc.10z.com.ar\/?p=1617"},"modified":"2011-04-01T17:33:40","modified_gmt":"2011-04-01T20:33:40","slug":"iva-zanicchi-la-notte-delladdio-1966","status":"publish","type":"post","link":"https:\/\/pandc.10z.com.ar\/?p=1617","title":{"rendered":"Iva Zanicchi &#8211; La notte dell&#8217;addio (1966)"},"content":{"rendered":"<p style=\"text-align: center;\"><a href=\"https:\/\/pandc.10z.com.ar\/wp-content\/img\/IvaLaNotteFront.jpg\" target=\"_blank\"><img loading=\"lazy\" decoding=\"async\" class=\"aligncenter\" title=\"IvaNotteFront\" src=\"https:\/\/pandc.10z.com.ar\/wp-content\/img\/IvaLaNotteFront.jpg\" alt=\"\" width=\"400\" height=\"400\" \/><\/a><\/p>\n<p style=\"text-align: center;\">\n<p style=\"text-align: center;\"><a href=\"https:\/\/pandc.10z.com.ar\/wp-content\/img\/IvaLaNotteRetro.jpg\" target=\"_blank\"><img loading=\"lazy\" decoding=\"async\" class=\"aligncenter\" title=\"IvaNotteRetro\" src=\"https:\/\/pandc.10z.com.ar\/wp-content\/img\/IvaLaNotteRetro.jpg\" alt=\"\" width=\"400\" height=\"400\" \/><\/a><\/p>\n<p style=\"text-align: center;\">\n<p><strong>Otra contribuci\u00f3n de nuestro \u00abC\u00f3mplice\u00bb Christian:<\/strong><\/p>\n<p>Despu\u00e9s de Connie Francis con \u00abUna Notte Cos\u00ec\u00bb, otro sencillo que habla de la noche, esta vez de Iva Zanicchi con \u00abLa notte dell&#8217;addio\u00bb, tema que la Zanicchi llev\u00f3 al festival de Sanremo de 1966, en acoplada con Vic Dana.<br \/>\nUna bella canci\u00f3n, pero no obtuvo buena clasificaci\u00f3n en el festival.<br \/>\nA\u00f1ado como bonustrack la versi\u00f3n de Vic Dana.<\/p>\n<p>***<\/p>\n<p><strong>Tracklist<\/strong><\/p>\n<p>01. La Notte Dell&#8217;Addio (Testa-Diverio) (Sanremo 1966)<br \/>\n02. Caldo \u00c8 L&#8217;amore (Hildebrand-Pallavicini-Abbate) (1-1966)<br \/>\n03. Bonustrack &#8211; Vic Dana &#8211; La notte dell&#8217;addio (Sanremo 1966)<\/p>\n<p>***<\/p>\n<p><a href=\"http:\/\/www.megaupload.com\/?d=67L836RZ\">MU Aqu\u00ed<\/a><\/p>\n<p><a href=\"http:\/\/rapidshare.com\/files\/306218601\/Iva66Notte.rar\">RS Aqu\u00ed<\/a><\/p>\n<p>***<\/p>\n","protected":false},"excerpt":{"rendered":"<p>Otra contribuci\u00f3n de nuestro \u00abC\u00f3mplice\u00bb Christian: Despu\u00e9s de Connie Francis con \u00abUna Notte Cos\u00ec\u00bb, otro sencillo que habla de la noche, esta vez de Iva Zanicchi con \u00abLa notte dell&#8217;addio\u00bb, tema que la Zanicchi llev\u00f3 al festival de Sanremo de 1966, en acoplada con Vic Dana. Una bella canci\u00f3n, pero no obtuvo buena clasificaci\u00f3n en [&hellip;]<\/p>\n","protected":false},"author":4,"featured_media":0,"comment_status":"open","ping_status":"open","sticky":false,"template":"","format":"standard","meta":{"footnotes":""},"categories":[85],"tags":[3],"class_list":["post-1617","post","type-post","status-publish","format-standard","hentry","category-iva-zanicchi","tag-italia"],"_links":{"self":[{"href":"https:\/\/pandc.10z.com.ar\/index.php?rest_route=\/wp\/v2\/posts\/1617","targetHints":{"allow":["GET"]}}],"collection":[{"href":"https:\/\/pandc.10z.com.ar\/index.php?rest_route=\/wp\/v2\/posts"}],"about":[{"href":"https:\/\/pandc.10z.com.ar\/index.php?rest_route=\/wp\/v2\/types\/post"}],"author":[{"embeddable":true,"href":"https:\/\/pandc.10z.com.ar\/index.php?rest_route=\/wp\/v2\/users\/4"}],"replies":[{"embeddable":true,"href":"https:\/\/pandc.10z.com.ar\/index.php?rest_route=%2Fwp%2Fv2%2Fcomments&post=1617"}],"version-history":[{"count":0,"href":"https:\/\/pandc.10z.com.ar\/index.php?rest_route=\/wp\/v2\/posts\/1617\/revisions"}],"wp:attachment":[{"href":"https:\/\/pandc.10z.com.ar\/index.php?rest_route=%2Fwp%2Fv2%2Fmedia&parent=1617"}],"wp:term":[{"taxonomy":"category","embeddable":true,"href":"https:\/\/pandc.10z.com.ar\/index.php?rest_route=%2Fwp%2Fv2%2Fcategories&post=1617"},{"taxonomy":"post_tag","embeddable":true,"href":"https:\/\/pandc.10z.com.ar\/index.php?rest_route=%2Fwp%2Fv2%2Ftags&post=1617"}],"curies":[{"name":"wp","href":"https:\/\/api.w.org\/{rel}","templated":true}]}}