{"id":1590,"date":"2020-12-29T13:22:00","date_gmt":"2020-12-29T16:22:00","guid":{"rendered":"http:\/\/pandc.10z.com.ar\/?p=1590"},"modified":"2020-12-30T10:43:50","modified_gmt":"2020-12-30T13:43:50","slug":"lucio-dalla-1999-1966","status":"publish","type":"post","link":"https:\/\/pandc.10z.com.ar\/?p=1590","title":{"rendered":"Lucio Dalla &#8211; 1999 (1966)"},"content":{"rendered":"<p><a href=\"https:\/\/pandc.10z.com.ar\/wp-content\/img\/1999front.jpg\" target=\"_blank\" rel=\"noopener noreferrer\"><img loading=\"lazy\" decoding=\"async\" class=\"aligncenter\" src=\"https:\/\/pandc.10z.com.ar\/wp-content\/img\/1999front.jpg\" alt=\"\" width=\"400\" height=\"400\"><\/a><\/p>\n<p style=\"text-align: center;\"><a href=\"https:\/\/pandc.10z.com.ar\/wp-content\/img\/1999back.jpg\" target=\"_blank\" rel=\"noopener noreferrer\"><img loading=\"lazy\" decoding=\"async\" class=\"aligncenter\" src=\"https:\/\/pandc.10z.com.ar\/wp-content\/img\/1999back.jpg\" alt=\"\" width=\"400\" height=\"325\"><\/a><\/p>\n<p style=\"text-align: left;\"><strong>Lucio Dalla<\/strong> naci\u00f3 en Bologna, Italia, el 4 de marzo de 1943. Y es casi l\u00f3gico que naciera all\u00ed: la ciudad de la buena comida, la Universidad, las motos Ducati\u2026 todo ese car\u00e1cter expansivo est\u00e1 en la personalidad de <strong>Dalla<\/strong>, en su m\u00fasica y en las letras de sus canciones. Su adolescencia en Bologna lo lleva a apasionarse por el jazz, y su madre le regala para su cumplea\u00f1os n\u00famero 13 un clarinete, lo que lo lleva a integrar algunos grupos musicales de la ciudad.<\/p>\n<p>Su primer disco como solista es un simple con \u201cLei\u201d y \u201cMa questa sera\u201d (un cover de Curtis Mayfield), publicado por el sello ARC, subsidiaria de la RCA italiana, para la cual <strong>Dalla<\/strong> grab\u00f3 sus primeros simples y su primer LP.<\/p>\n<p>Justamente, \u00e9ste <em>\u201c1999\u201d <\/em>es su primer \u00e1lbum, que llega despu\u00e9s de cuatro simples. De esas precedentes ocho canciones (a dos por simple), cuatro est\u00e1n inclu\u00eddas en el disco: <em>\u201cLei (non \u00e8 per me)\u201d, \u201cL\u2019ora di piangere\u201d, \u201cIo non ci sar\u00f2\u201d e \u201cPafff\u2026bum!\u201d<\/em> (presentada en el Festival de Sanremo de aquel a\u00f1o y ejecutada junto con los <em>Yardbirds<\/em>). El resto son canciones in\u00e9ditas hasta entonces.<\/p>\n<p>La producci\u00f3n del disco es de <em>Sergio Bardotti <\/em>y la banda de acompa\u00f1amiento es un grupo formado por el mismo Dalla, llamado <em>Gli Idoli <\/em>(los de la foto de la car\u00e1tula trasera del \u00e1lbum). Hay dos covers de <em>James Brown<\/em>, demostrando el inter\u00e9s de<strong> Dalla<\/strong> por el rythm and blues: <em>\u201cI got you\u201d <\/em>(cantada en ingl\u00e9s) y<em> \u201cIt\u00b4s a man man man world\u201d<\/em>, traducida al italiano por <em>Bardotti y Luigi Tenco<\/em>. Al comienzo y al final del \u00e1lbum (como \u201cintro\u201d del track uno y como \u201cfin\u201d del track 12) hay dos peque\u00f1as piezas instrumentales en las que Dalla canta en \u201cscat\u201d.<\/p>\n<p>Las ventas del disco son practicamente inexistentes, y no fue reeditado por la RCA sino hasta veinte a\u00f1os despu\u00e9s, siendo hoy una rareza discogr\u00e1fica.<\/p>\n<p>***********<\/p>\n<p><a href=\"https:\/\/yadi.sk\/d\/pblTscI58K96aA\" target=\"_blank\" rel=\"noopener noreferrer\"><strong>Descarga directa<\/strong><\/a><\/p>\n<p>***********<\/p>\n","protected":false},"excerpt":{"rendered":"<p>Lucio Dalla naci\u00f3 en Bologna, Italia, el 4 de marzo de 1943. Y es casi l\u00f3gico que naciera all\u00ed: la ciudad de la buena comida, la Universidad, las motos Ducati\u2026 todo ese car\u00e1cter expansivo est\u00e1 en la personalidad de Dalla, en su m\u00fasica y en las letras de sus canciones. Su adolescencia en Bologna lo [&hellip;]<\/p>\n","protected":false},"author":5,"featured_media":0,"comment_status":"open","ping_status":"open","sticky":false,"template":"","format":"standard","meta":{"footnotes":""},"categories":[189],"tags":[3],"class_list":["post-1590","post","type-post","status-publish","format-standard","hentry","category-lucio-dalla","tag-italia"],"_links":{"self":[{"href":"https:\/\/pandc.10z.com.ar\/index.php?rest_route=\/wp\/v2\/posts\/1590","targetHints":{"allow":["GET"]}}],"collection":[{"href":"https:\/\/pandc.10z.com.ar\/index.php?rest_route=\/wp\/v2\/posts"}],"about":[{"href":"https:\/\/pandc.10z.com.ar\/index.php?rest_route=\/wp\/v2\/types\/post"}],"author":[{"embeddable":true,"href":"https:\/\/pandc.10z.com.ar\/index.php?rest_route=\/wp\/v2\/users\/5"}],"replies":[{"embeddable":true,"href":"https:\/\/pandc.10z.com.ar\/index.php?rest_route=%2Fwp%2Fv2%2Fcomments&post=1590"}],"version-history":[{"count":1,"href":"https:\/\/pandc.10z.com.ar\/index.php?rest_route=\/wp\/v2\/posts\/1590\/revisions"}],"predecessor-version":[{"id":6355,"href":"https:\/\/pandc.10z.com.ar\/index.php?rest_route=\/wp\/v2\/posts\/1590\/revisions\/6355"}],"wp:attachment":[{"href":"https:\/\/pandc.10z.com.ar\/index.php?rest_route=%2Fwp%2Fv2%2Fmedia&parent=1590"}],"wp:term":[{"taxonomy":"category","embeddable":true,"href":"https:\/\/pandc.10z.com.ar\/index.php?rest_route=%2Fwp%2Fv2%2Fcategories&post=1590"},{"taxonomy":"post_tag","embeddable":true,"href":"https:\/\/pandc.10z.com.ar\/index.php?rest_route=%2Fwp%2Fv2%2Ftags&post=1590"}],"curies":[{"name":"wp","href":"https:\/\/api.w.org\/{rel}","templated":true}]}}