{"id":1537,"date":"2009-10-31T21:58:29","date_gmt":"2009-10-31T23:58:29","guid":{"rendered":"http:\/\/pandc.10z.com.ar\/?p=1537"},"modified":"2009-10-31T22:16:06","modified_gmt":"2009-11-01T00:16:06","slug":"vinicius-toquinho-jobim-miucha-musicalmente-in-vivo-dallo-studio-3-1978","status":"publish","type":"post","link":"https:\/\/pandc.10z.com.ar\/?p=1537","title":{"rendered":"Vinicius, Toquinho, Jobim, Mi\u00facha &#8211; Musicalmente: In Vivo Dallo Studio 3 (1978)"},"content":{"rendered":"<p style=\"text-align: center;\"><a href=\"https:\/\/pandc.10z.com.ar\/wp-content\/img\/MusicalmenteFront.jpg\" target=\"_blank\"><img loading=\"lazy\" decoding=\"async\" class=\"aligncenter\" title=\"musicalmenteFront\" src=\"https:\/\/pandc.10z.com.ar\/wp-content\/img\/MusicalmenteFront.jpg\" alt=\"\" width=\"400\" height=\"400\" \/><\/a><\/p>\n<p style=\"text-align: center;\">\n<p style=\"text-align: center;\"><a href=\"https:\/\/pandc.10z.com.ar\/wp-content\/img\/MusicalmenteDvd.jpg\" target=\"_blank\"><img loading=\"lazy\" decoding=\"async\" class=\"aligncenter\" title=\"musicalmenteDvd\" src=\"https:\/\/pandc.10z.com.ar\/wp-content\/img\/MusicalmenteDvd.jpg\" alt=\"\" width=\"306\" height=\"400\" \/><\/a><\/p>\n<p style=\"text-align: center;\">\n<p>Esta es una de las sorpresas que le ten\u00eda reservadas a mi amigo Charly y a todos los apasionados de la m\u00fasica brasile\u00f1a: el Cd y el Dvd de la presentaci\u00f3n en vivo de estos cuatro grandes, grand\u00edsimos artistas.<\/p>\n<p>En 1970,\u00a0 Vinicius de Moraes integr\u00f3 junto al guitarrista y cantautor Antonio Pecci \u201cToquinho\u201d una interesante y productiva sociedad autoral y art\u00edstica que dej\u00f3 como fruto una extensa y enriquecida discograf\u00eda en portugu\u00e9s y en italiano, que abarc\u00f3 una veintena de discos con t\u00edtulos de comprobado \u00e9xito. Esta asociaci\u00f3n se prolongar\u00eda hasta la muerte de Vinicius.<\/p>\n<p>Momentos importantes de esta sociedad de Toquinho\/Vinicius es el show del Canec\u00e3o, en R\u00edo de Janeiro, en 1977, com Tom Jobim, Vinicius, Toquinho e Mi\u00facha, un espect\u00e1culo que mantiene hasta hoy los marca de p\u00fablico y de duraci\u00f3n (7 meses) en esa casa. El a\u00f1o siguiente Rete3 Radio Svizzera Italiana produc\u00eda la serie Musicalmente, con especiales de grandes nombres de la m\u00fasica italiana e internacional. El 18 de octubre de 1978, Tom Jobim, Vin\u00edcius de Moraes, Toquinho y Mi\u00facha estuvieron en el programa, mostrando canciones del show que abarrotaba el \u00abCanec\u00e3o\u00bb el a\u00f1o anterior, y con el cual se encontraban recorriendo Europa, acompa\u00f1ados por los m\u00fasicos Azeitona (bajo), Mutinho (Bater\u00eda), Georgina de Moraes (Percusi\u00f3n) y Roberto Sion (Flauta).<br \/>\nLa presentaci\u00f3n tuvo lugar (como pueden ver en el DVD) en una peque\u00f1a sala y parec\u00eda ser s\u00f3lo una reuni\u00f3n entre amigos para alternar entre una canci\u00f3n y otra, con Vinicius sentado detr\u00e1s de una mesa, fumando y tomando whisky&#8230;ecepcional!<\/p>\n<p><strong>Alt\u00edsimamente recomendados!!!<\/strong><\/p>\n<p>***<\/p>\n<p><strong>Tracklist:<\/strong><\/p>\n<p>01. Samba De Orly (Vinicius e Toquinho)<br \/>\n02. Pouporri Toquinho interpreta Caymmi<br \/>\n03. Tarde em Itapu\u00e3 (Vinicius e Toquinho)<br \/>\n04. Desafino (Tom Jobim)<br \/>\n05. Wave (Toquinho e Jobim instrumental)<br \/>\n06. Samba de Uma Nota So (Toquinho e Jobim)<br \/>\n07. Aguas de Mar\u00e7o (Jobim e Miucha)<br \/>\n08. Samba do Avi\u00e3o (Jobim e Miucha)<br \/>\n09. O Que Sera Que Sera (Toquinho, Jobim e Miucha)<br \/>\n10. Samba para Vinicius (Poeta) (Toquinho, Jobim e Miucha)<br \/>\n11. Vai Levando (Vinicius, Toquinho, Jobim e Miucha)<br \/>\n12. Vinicius Conversa Com Tom<br \/>\n13. Tristeza N\u00e3o Tem Fim (Vinicius e Jobim)<br \/>\n14. Agua de Beber (Vinicius e Jobim)<br \/>\n15. Garota de Ipanema (Vinicius e Jobim)<br \/>\n16. Popourri (Vinicius, Toquinho, Jobim e Miucha)<br \/>\n17. Apresenta a Banda<br \/>\n18. Pouporri de Baden Powell (Vinicius, Toquinho, Jobim e Miucha)<\/p>\n<p>***<\/p>\n<p><a href=\"http:\/\/rapidshare.com\/files\/299721156\/VinJobToqMiu78Studio3.rar\">Cd Aqu\u00ed<\/a><\/p>\n<p><a href=\"http:\/\/rapidshare.com\/files\/300674389\/VinJobToqMiu78Studio3DVD.rar\">Dvd Aqu\u00ed<\/a><\/p>\n<p>***<\/p>\n","protected":false},"excerpt":{"rendered":"<p>Esta es una de las sorpresas que le ten\u00eda reservadas a mi amigo Charly y a todos los apasionados de la m\u00fasica brasile\u00f1a: el Cd y el Dvd de la presentaci\u00f3n en vivo de estos cuatro grandes, grand\u00edsimos artistas. En 1970,\u00a0 Vinicius de Moraes integr\u00f3 junto al guitarrista y cantautor Antonio Pecci \u201cToquinho\u201d una interesante [&hellip;]<\/p>\n","protected":false},"author":4,"featured_media":0,"comment_status":"open","ping_status":"open","sticky":false,"template":"","format":"standard","meta":{"footnotes":""},"categories":[35,176,107,162],"tags":[12],"class_list":["post-1537","post","type-post","status-publish","format-standard","hentry","category-antonio-carlos-jobim","category-miucha","category-toquinho","category-vinicius-de-moraes","tag-brasil"],"_links":{"self":[{"href":"https:\/\/pandc.10z.com.ar\/index.php?rest_route=\/wp\/v2\/posts\/1537","targetHints":{"allow":["GET"]}}],"collection":[{"href":"https:\/\/pandc.10z.com.ar\/index.php?rest_route=\/wp\/v2\/posts"}],"about":[{"href":"https:\/\/pandc.10z.com.ar\/index.php?rest_route=\/wp\/v2\/types\/post"}],"author":[{"embeddable":true,"href":"https:\/\/pandc.10z.com.ar\/index.php?rest_route=\/wp\/v2\/users\/4"}],"replies":[{"embeddable":true,"href":"https:\/\/pandc.10z.com.ar\/index.php?rest_route=%2Fwp%2Fv2%2Fcomments&post=1537"}],"version-history":[{"count":0,"href":"https:\/\/pandc.10z.com.ar\/index.php?rest_route=\/wp\/v2\/posts\/1537\/revisions"}],"wp:attachment":[{"href":"https:\/\/pandc.10z.com.ar\/index.php?rest_route=%2Fwp%2Fv2%2Fmedia&parent=1537"}],"wp:term":[{"taxonomy":"category","embeddable":true,"href":"https:\/\/pandc.10z.com.ar\/index.php?rest_route=%2Fwp%2Fv2%2Fcategories&post=1537"},{"taxonomy":"post_tag","embeddable":true,"href":"https:\/\/pandc.10z.com.ar\/index.php?rest_route=%2Fwp%2Fv2%2Ftags&post=1537"}],"curies":[{"name":"wp","href":"https:\/\/api.w.org\/{rel}","templated":true}]}}