{"id":1523,"date":"2009-10-29T07:28:43","date_gmt":"2009-10-29T09:28:43","guid":{"rendered":"http:\/\/pandc.10z.com.ar\/?p=1523"},"modified":"2011-07-01T23:54:56","modified_gmt":"2011-07-02T02:54:56","slug":"maria-bethania-encanteria-2009","status":"publish","type":"post","link":"https:\/\/pandc.10z.com.ar\/?p=1523","title":{"rendered":"Maria Beth\u00e2nia &#8211; Encanteria (2009)"},"content":{"rendered":"<p style=\"text-align: center;\"><a href=\"https:\/\/pandc.10z.com.ar\/wp-content\/img\/encanteria.jpg\" target=\"_blank\"><img loading=\"lazy\" decoding=\"async\" class=\"aligncenter\" src=\"https:\/\/pandc.10z.com.ar\/wp-content\/img\/encanteria.jpg\" alt=\"\" width=\"400\" height=\"440\" \/><\/a><\/p>\n<p style=\"text-align: left;\">Editado conjuntamente con <em>\u201cTua\u201d<\/em>, este segundo disco recoge la tradici\u00f3n de la canci\u00f3n folcl\u00f3rica de inspiraci\u00f3n religiosa, lo que puede verse en el samba de roda (con la intervenci\u00f3n de la <em>Escola Port\u00e1til de M\u00fasica<\/em>).<\/p>\n<p>Tambi\u00e9n aqu\u00ed el compositor baiano <strong>Roque Ferreira<\/strong> predomina en el repertorio.\u00a0 Por supuesto, <strong>Caetano y Gilberto Gil<\/strong> son tambi\u00e9n de la partida, con su intervenci\u00f3n en <em>\u201cSaudade dela\u201d<\/em>, de Roberto Mendes.<\/p>\n<p><strong>Tracklist:<\/strong><\/p>\n<p><strong>01. Santa B\u00e1rbara<\/strong><br \/>\n(Roque Ferreira)<\/p>\n<p><strong>02. Feita na Bahia <\/strong><br \/>\n(Roque Ferreira)<\/p>\n<p><strong>03. Coroa do mar <\/strong><br \/>\n(Roque Ferreira)<\/p>\n<p><strong>04. Encanteria <\/strong><br \/>\n(Paulo C\u00e9sar Pinheiro)<\/p>\n<p><strong>05. Saudade dela<\/strong> <em>\u2013 con Caetano Veloso y Gilberto Gil<\/em><br \/>\n(Roberto Mendes e Nizaldo Costa)<\/p>\n<p><strong>06. Linha do caboclo <\/strong><br \/>\n(Paulo C\u00e9sar Pinheiro e Pedro Amorim)<\/p>\n<p><strong>07. Estrela<\/strong><br \/>\n(Vander Lee)<\/p>\n<p><strong>08. Minha rede <\/strong><br \/>\n(Roque Ferreira)<\/p>\n<p><strong>09. Doce viola<\/strong><br \/>\n(Jaime Alem)<\/p>\n<p><strong>10. \u00ca Senhora \/ Batatinha roxa<\/strong><br \/>\n(Vanessa da Mata) \/ (Adapta\u00e7\u00e3o de Roberto Mendes)<\/p>\n<p><strong>11. Sete trovas <\/strong><br \/>\n(Consuelo de Paula-Etel Frota-Rubens Nogueira)<\/p>\n<p>***<\/p>\n<p><a href=\"http:\/\/www.megaupload.com\/?d=U5SWPXBY\"><strong>MU Aqu\u00ed<\/strong><\/a><\/p>\n<p><a href=\"http:\/\/rapidshare.com\/files\/299197008\/MBEncant.PC.rar\"><strong>RS Aqu\u00ed<\/strong><\/a><\/p>\n<p>***<\/p>\n","protected":false},"excerpt":{"rendered":"<p>Editado conjuntamente con \u201cTua\u201d, este segundo disco recoge la tradici\u00f3n de la canci\u00f3n folcl\u00f3rica de inspiraci\u00f3n religiosa, lo que puede verse en el samba de roda (con la intervenci\u00f3n de la Escola Port\u00e1til de M\u00fasica). Tambi\u00e9n aqu\u00ed el compositor baiano Roque Ferreira predomina en el repertorio.\u00a0 Por supuesto, Caetano y Gilberto Gil son tambi\u00e9n de [&hellip;]<\/p>\n","protected":false},"author":5,"featured_media":0,"comment_status":"open","ping_status":"open","sticky":false,"template":"","format":"standard","meta":{"footnotes":""},"categories":[59],"tags":[12,23],"class_list":["post-1523","post","type-post","status-publish","format-standard","hentry","category-maria-bethania","tag-brasil","tag-latino"],"_links":{"self":[{"href":"https:\/\/pandc.10z.com.ar\/index.php?rest_route=\/wp\/v2\/posts\/1523","targetHints":{"allow":["GET"]}}],"collection":[{"href":"https:\/\/pandc.10z.com.ar\/index.php?rest_route=\/wp\/v2\/posts"}],"about":[{"href":"https:\/\/pandc.10z.com.ar\/index.php?rest_route=\/wp\/v2\/types\/post"}],"author":[{"embeddable":true,"href":"https:\/\/pandc.10z.com.ar\/index.php?rest_route=\/wp\/v2\/users\/5"}],"replies":[{"embeddable":true,"href":"https:\/\/pandc.10z.com.ar\/index.php?rest_route=%2Fwp%2Fv2%2Fcomments&post=1523"}],"version-history":[{"count":0,"href":"https:\/\/pandc.10z.com.ar\/index.php?rest_route=\/wp\/v2\/posts\/1523\/revisions"}],"wp:attachment":[{"href":"https:\/\/pandc.10z.com.ar\/index.php?rest_route=%2Fwp%2Fv2%2Fmedia&parent=1523"}],"wp:term":[{"taxonomy":"category","embeddable":true,"href":"https:\/\/pandc.10z.com.ar\/index.php?rest_route=%2Fwp%2Fv2%2Fcategories&post=1523"},{"taxonomy":"post_tag","embeddable":true,"href":"https:\/\/pandc.10z.com.ar\/index.php?rest_route=%2Fwp%2Fv2%2Ftags&post=1523"}],"curies":[{"name":"wp","href":"https:\/\/api.w.org\/{rel}","templated":true}]}}