{"id":1514,"date":"2009-10-28T03:08:38","date_gmt":"2009-10-28T05:08:38","guid":{"rendered":"http:\/\/pandc.10z.com.ar\/?p=1514"},"modified":"2011-04-03T16:31:33","modified_gmt":"2011-04-03T19:31:33","slug":"v-a-ne-me-quitte-pas-p-c-2008","status":"publish","type":"post","link":"https:\/\/pandc.10z.com.ar\/?p=1514","title":{"rendered":"V.A. &#8211; Ne Me Quitte Pas P.&#038;C. (2008)"},"content":{"rendered":"<p style=\"text-align: center;\"><a href=\"https:\/\/pandc.10z.com.ar\/wp-content\/img\/VANeMeQuittePasFRONT.jpg\" target=\"_blank\"><img loading=\"lazy\" decoding=\"async\" class=\"aligncenter\" title=\"NeMeQuitteFront\" src=\"https:\/\/pandc.10z.com.ar\/wp-content\/img\/VANeMeQuittePasFRONT.jpg\" alt=\"\" width=\"400\" height=\"400\" \/><\/a><\/p>\n<p style=\"text-align: center;\">\n<p style=\"text-align: center;\"><a href=\"https:\/\/pandc.10z.com.ar\/wp-content\/img\/VANeMeQuittePasRETRO.jpg \" target=\"_blank\"><img loading=\"lazy\" decoding=\"async\" class=\"aligncenter\" title=\"NeMeQuitteRetro\" src=\"https:\/\/pandc.10z.com.ar\/wp-content\/img\/VANeMeQuittePasRETRO.jpg \" alt=\"\" width=\"400\" height=\"320\" \/><\/a><\/p>\n<p style=\"text-align: center;\">\n<p style=\"text-align: center;\"><a href=\"https:\/\/pandc.10z.com.ar\/wp-content\/img\/VANeMeQuittePasCd.jpg\" target=\"_blank\"><img loading=\"lazy\" decoding=\"async\" class=\"aligncenter\" title=\"NeMeQuitteCd\" src=\"https:\/\/pandc.10z.com.ar\/wp-content\/img\/VANeMeQuittePasCd.jpg\" alt=\"\" width=\"400\" height=\"400\" \/><\/a><\/p>\n<p style=\"text-align: center;\">\n<p>Recuperando viejos post hoy reciclamos este que quiero mucho. Como ya saben, amo la canci\u00f3n francesa, y esta \u00abNe me quitte pas\u00bb es una de mis favoritas, as\u00ed como su autor e int\u00e9rprete Jacque Brel. Este post fue un gran \u00e9xito en el viejo blog y para variar fue \u00abcopiado\u00bb en muchos otros blogs y foros.<\/p>\n<p>\u00abNe me quitte pas\u00bb es una canci\u00f3n compuesta, escrita e interpretada por el cantautor belga Jacques Brel, uno de los mayores representantes de la Chanson del siglo XX. La canci\u00f3n fue publicada en 1959 por Warner-Chappell y fue escrita tras la separaci\u00f3n de Brel y Zizou, aunque fue \u00e9l quien la dej\u00f3. La primera versi\u00f3n de Brel apareci\u00f3 el 11 de septiembre de 1959 en el disco \u00abLa Valse \u00e0 mille temps\u00bb. En 1961, Brel grab\u00f3 una versi\u00f3n en neerland\u00e9s titulada \u00abLaat me niet alleen\u00bb. Trece a\u00f1os despu\u00e9s de su nacimiento, el 20 de junio de 1972, Jacques Brel graba una nueva versi\u00f3n para el \u00e1lbum del mismo nombre, Ne me quitte pas.<\/p>\n<p>Se han grabado muchas versiones de esta canci\u00f3n por otros artistas, algunas memorables, buena muestra de la gran influencia de la m\u00fasica de Brel en otros int\u00e9rpretes. \u00abNe me quitte pas\u00bb se ha grabado en diversas lenguas siendo una de las canciones m\u00e1s versionadas de la m\u00fasica moderna, cantada bajo los t\u00edtulos \u00abIf you go away\u00bb, \u00abDon\u00b4t leave me\u00bb, \u00abBitte, geh nicht fort\u00bb, \u00abNon andare via\u00bb, \u00abN\u00e3o me deixes mais\u00bb, \u00abLaat me niet alleen\u00bb, \u00abAl tilchi mikan\u00bb, \u00abNe ovstavljaj me\u00bb, \u00abNo me dejes\u00bb, \u00abNo em deixis mai\u00bb, entre otros.<\/p>\n<p>Pedro Almod\u00f3var incluy\u00f3 la versi\u00f3n de \u00abNe me quitte pas\u00bb cantada por la brasile\u00f1a Maysa Matarazzo en su pel\u00edcula La ley del deseo (1987). En la escena, la peque\u00f1a Ada (Manuela Velasco) atraviesa sobre un riel el escenario donde Tina (Carmen Maura) interpreta la pieza teatral \u00abLa voz humana\u00bb de Cocteau, vestida de primera comuni\u00f3n y en la voz de Maysa Matarazzo suena dram\u00e1ticamente \u00abNe me quitte pas\u00bb.<\/p>\n<p>En este \u00e1lbum he reunido 20 versiones de \u00abNe me quitte pas\u00bb en franc\u00e9s, encabezadas por la primera versi\u00f3n original de Jacques Brel de 1959.<\/p>\n<p>***<\/p>\n<p><strong>Tracklist:<\/strong><\/p>\n<p>00. Jacques Brel &#8211; Ne Me Quitte Pas (Versi\u00f3n1959)<br \/>\n01. Alcione &#8211; Ne Me Quitte Pas Live<br \/>\n02. Alison Moyet &#8211; Ne Me Quitte Pas<br \/>\n03. Anita Frida Boccara &#8211; Ne Me Quitte Pas<br \/>\n04. Chim\u00e8ne Badi &#8211; Ne Me Quitte Pas\u00a0 Live<br \/>\n05. Elodie Fr\u00e9g\u00e9 &#8211; Ne Me Quitte Pas Live<br \/>\n06. Haris Alexiou &#8211; Ne Me Quitte Pas Live<br \/>\n07. Hugues Aufray &#8211; Ne Me Quitte Pas<br \/>\n08. Enrico Macias &#8211; Ne Me Quitte Pas<br \/>\n09. Les Compagnons De La Chanson &#8211; Ne Me Quitte Pas<br \/>\n10. Mari Trini &#8211; Ne Me Quitte Pas<br \/>\n11. Maysa Mataraso &#8211; Ne Me Quitte Pas<br \/>\n12. Miguel Bos\u00e9 &#8211; Ne Me Quitte Pas<br \/>\n13. Ornella Vanoni &#8211; Ne Me Quitte Pas<br \/>\n14. Nina Simone &#8211; Ne me quitte pas<br \/>\n15. Daniel Guichard &#8211; Ne Me Quitte Pas<br \/>\n16. Sylvie Vartan &#8211; Ne Me Quitte Pas<br \/>\n17. Wende Snijders &#8211; Ne Me Quitte Pas<br \/>\n18. Johnny Haliday &#8211; Ne Me Quitte Pas<br \/>\n19. Dan Bigras &amp; Laurence Jalbert &#8211; Ne Me Quitte Pas<br \/>\n20. Emma Daumas &#8211; Ne Me Quitte Pas<\/p>\n<p>***<\/p>\n<p><a href=\"http:\/\/www.megaupload.com\/?d=FVI0DHCM\">MU Aqu\u00ed<\/a><\/p>\n<p><a href=\"http:\/\/www.megaupload.com\/?d=GSACED40\">MU Aqu\u00ed<\/a><\/p>\n<p><a href=\"http:\/\/rapidshare.com\/files\/298223708\/VANeQuitte.part1.rar\">RS Aqu\u00ed<\/a><\/p>\n<p><a href=\"http:\/\/rapidshare.com\/files\/298230273\/VANeQuitte.part2.rar\">RS Aqu\u00ed<\/a><\/p>\n<p>***<\/p>\n","protected":false},"excerpt":{"rendered":"<p>Recuperando viejos post hoy reciclamos este que quiero mucho. Como ya saben, amo la canci\u00f3n francesa, y esta \u00abNe me quitte pas\u00bb es una de mis favoritas, as\u00ed como su autor e int\u00e9rprete Jacque Brel. Este post fue un gran \u00e9xito en el viejo blog y para variar fue \u00abcopiado\u00bb en muchos otros blogs y [&hellip;]<\/p>\n","protected":false},"author":4,"featured_media":0,"comment_status":"open","ping_status":"open","sticky":false,"template":"","format":"standard","meta":{"footnotes":""},"categories":[175,11],"tags":[10],"class_list":["post-1514","post","type-post","status-publish","format-standard","hentry","category-jacques-brel","category-v-a","tag-francia"],"_links":{"self":[{"href":"https:\/\/pandc.10z.com.ar\/index.php?rest_route=\/wp\/v2\/posts\/1514","targetHints":{"allow":["GET"]}}],"collection":[{"href":"https:\/\/pandc.10z.com.ar\/index.php?rest_route=\/wp\/v2\/posts"}],"about":[{"href":"https:\/\/pandc.10z.com.ar\/index.php?rest_route=\/wp\/v2\/types\/post"}],"author":[{"embeddable":true,"href":"https:\/\/pandc.10z.com.ar\/index.php?rest_route=\/wp\/v2\/users\/4"}],"replies":[{"embeddable":true,"href":"https:\/\/pandc.10z.com.ar\/index.php?rest_route=%2Fwp%2Fv2%2Fcomments&post=1514"}],"version-history":[{"count":0,"href":"https:\/\/pandc.10z.com.ar\/index.php?rest_route=\/wp\/v2\/posts\/1514\/revisions"}],"wp:attachment":[{"href":"https:\/\/pandc.10z.com.ar\/index.php?rest_route=%2Fwp%2Fv2%2Fmedia&parent=1514"}],"wp:term":[{"taxonomy":"category","embeddable":true,"href":"https:\/\/pandc.10z.com.ar\/index.php?rest_route=%2Fwp%2Fv2%2Fcategories&post=1514"},{"taxonomy":"post_tag","embeddable":true,"href":"https:\/\/pandc.10z.com.ar\/index.php?rest_route=%2Fwp%2Fv2%2Ftags&post=1514"}],"curies":[{"name":"wp","href":"https:\/\/api.w.org\/{rel}","templated":true}]}}