{"id":1460,"date":"2009-10-19T11:35:01","date_gmt":"2009-10-19T13:35:01","guid":{"rendered":"http:\/\/pandc.10z.com.ar\/?p=1460"},"modified":"2009-10-19T11:35:01","modified_gmt":"2009-10-19T13:35:01","slug":"v-a-vinicius-de-moraes-songbook-vol-1-1993-2","status":"publish","type":"post","link":"https:\/\/pandc.10z.com.ar\/?p=1460","title":{"rendered":"V.A. &#8211; Vinicius de Moraes Songbook Vol.1 (1993)"},"content":{"rendered":"<p style=\"text-align: center;\"><a href=\"https:\/\/pandc.10z.com.ar\/wp-content\/img\/Viniciussongbook1.jpg\" target=\"_blank\"><img loading=\"lazy\" decoding=\"async\" class=\"aligncenter\" src=\"https:\/\/pandc.10z.com.ar\/wp-content\/img\/Viniciussongbook1.jpg\" alt=\"\" width=\"400\" height=\"400\" \/><\/a><\/p>\n<p style=\"text-align: center;\">\n<p style=\"text-align: left;\">M\u00fasico, poeta, compositor y abogado brasile\u00f1o, uno de los principales promotores de la m\u00fasica popular de Brasil, autor de letras de samba y pionero de la bossa nova. En 1938, <strong>Vinicius de Moraes<\/strong> viaj\u00f3 a Inglaterra, estudi\u00f3 Literatura Inglesa en Oxford y posteriormente ingres\u00f3 a la vida diplom\u00e1tica prestando servicios en Estados Unidos, Francia y Uruguay.<\/p>\n<p><strong>Vinicius<\/strong> entra en contacto con <strong>Antonio Carlos Jobim<\/strong>, en 1959, iniciando una amistad y una colaboraci\u00f3n que tiempo despu\u00e9s, con la incorporaci\u00f3n de <strong>Jo\u00e3o Gilberto<\/strong> dar\u00eda lugar a un movimiento de renovaci\u00f3n en la m\u00fasica brasile\u00f1a, la <em>bossa nova<\/em>.<\/p>\n<p><strong>Vinicius de Moraes<\/strong> obtuvo \u00e9xitos resonantes con sus canciones, como <em>\u00abA garota de Ipanema\u00bb <\/em>y <em>\u00abA felicidade\u00bb<\/em>, en colaboraci\u00f3n casi siempre con grandes figuras de este g\u00e9nero: <strong>Mar\u00eda Creuza, Marilis Medalha, Chico Buarque y Toquinho<\/strong>, entre otras. <strong>Vinicius de Moraes<\/strong> fue uno de los principales art\u00edfices de la aparici\u00f3n, y especialmente la internacionalizaci\u00f3n, de la bossa nova, y grab\u00f3 m\u00e1s de treinta discos de larga duraci\u00f3n.<\/p>\n<p>Nacido en Rio de Janeiro el 19 de octubre de 1913 (falleci\u00f3 en 1980), esta colecci\u00f3n fue editada para conmemorar su cumplea\u00f1os n\u00famero 80, y es apenas una muestra de todos los int\u00e9rpretes de Brasil que han grabado versiones de sus canciones.\u00a0 Lo publicamos a modo de homenaje hoy, en el que es el aniversario n\u00famero 96 de su nacimiento.<\/p>\n<p><strong>Tracklist:<\/strong><\/p>\n<p>01. Tom Jobim &#8211; Chega de saudade<br \/>\n02. Simone e Wagner Tiso &#8211; Se todos fossem iguais a voce<br \/>\n03. Ivan Lins &#8211; A felicidade<br \/>\n04. Ney Matogrosso e Luiz Avellar &#8211; Estrada branca<br \/>\n05. Leila Pinheiro e Guinga &#8211; Valsinha<br \/>\n06. Joyce e Helio Delmiro &#8211; Caminho de pedra<br \/>\n07. Miucha e Antonio Adolfo &#8211; Carta ao Tom 74<br \/>\n08. Quarteto em Cy e Gilson Peranzzetta &#8211; Apelo<br \/>\n09. Jane Duboc e Toquinho &#8211; O velho e a flor<br \/>\n10. Beth Carvalho &#8211; O nosso amor<br \/>\n11. MPB4 &#8211; Lamento<br \/>\n12. Olivia Byington e Paulo Jobim &#8211; Soneto<br \/>\n13. Emilio Santiago &#8211; Tempo feliz<br \/>\n14. Joao Nogueira &#8211; Teleco-teco<br \/>\n15. Maria Creuza e Carlos Lyra &#8211; Samba da benc\u00e2o<\/p>\n<p>***<\/p>\n<p><a href=\"http:\/\/rapidshare.com\/files\/294363443\/VMSgbk01.PC.rar\"><strong>Aqu\u00ed<\/strong><\/a><\/p>\n<p>***<\/p>\n","protected":false},"excerpt":{"rendered":"<p>M\u00fasico, poeta, compositor y abogado brasile\u00f1o, uno de los principales promotores de la m\u00fasica popular de Brasil, autor de letras de samba y pionero de la bossa nova. En 1938, Vinicius de Moraes viaj\u00f3 a Inglaterra, estudi\u00f3 Literatura Inglesa en Oxford y posteriormente ingres\u00f3 a la vida diplom\u00e1tica prestando servicios en Estados Unidos, Francia y [&hellip;]<\/p>\n","protected":false},"author":5,"featured_media":0,"comment_status":"open","ping_status":"open","sticky":false,"template":"","format":"standard","meta":{"footnotes":""},"categories":[11,162],"tags":[12,23],"class_list":["post-1460","post","type-post","status-publish","format-standard","hentry","category-v-a","category-vinicius-de-moraes","tag-brasil","tag-latino"],"_links":{"self":[{"href":"https:\/\/pandc.10z.com.ar\/index.php?rest_route=\/wp\/v2\/posts\/1460","targetHints":{"allow":["GET"]}}],"collection":[{"href":"https:\/\/pandc.10z.com.ar\/index.php?rest_route=\/wp\/v2\/posts"}],"about":[{"href":"https:\/\/pandc.10z.com.ar\/index.php?rest_route=\/wp\/v2\/types\/post"}],"author":[{"embeddable":true,"href":"https:\/\/pandc.10z.com.ar\/index.php?rest_route=\/wp\/v2\/users\/5"}],"replies":[{"embeddable":true,"href":"https:\/\/pandc.10z.com.ar\/index.php?rest_route=%2Fwp%2Fv2%2Fcomments&post=1460"}],"version-history":[{"count":0,"href":"https:\/\/pandc.10z.com.ar\/index.php?rest_route=\/wp\/v2\/posts\/1460\/revisions"}],"wp:attachment":[{"href":"https:\/\/pandc.10z.com.ar\/index.php?rest_route=%2Fwp%2Fv2%2Fmedia&parent=1460"}],"wp:term":[{"taxonomy":"category","embeddable":true,"href":"https:\/\/pandc.10z.com.ar\/index.php?rest_route=%2Fwp%2Fv2%2Fcategories&post=1460"},{"taxonomy":"post_tag","embeddable":true,"href":"https:\/\/pandc.10z.com.ar\/index.php?rest_route=%2Fwp%2Fv2%2Ftags&post=1460"}],"curies":[{"name":"wp","href":"https:\/\/api.w.org\/{rel}","templated":true}]}}