{"id":1447,"date":"2018-07-27T00:45:42","date_gmt":"2018-07-27T03:45:42","guid":{"rendered":"http:\/\/pandc.10z.com.ar\/?p=1447"},"modified":"2018-07-28T13:53:57","modified_gmt":"2018-07-28T16:53:57","slug":"v-a-no-somos-tangueros-vol-5-pc-2009","status":"publish","type":"post","link":"https:\/\/pandc.10z.com.ar\/?p=1447","title":{"rendered":"V.A. &#8211; No Somos Tangueros Vol. 5 (P&#038;C 2009)"},"content":{"rendered":"<p style=\"text-align: center;\"><a href=\"https:\/\/pandc.10z.com.ar\/wp-content\/img\/Nosomostangueros5Front.jpg\" target=\"_blank\"><img loading=\"lazy\" decoding=\"async\" class=\"aligncenter\" src=\"https:\/\/pandc.10z.com.ar\/wp-content\/img\/Nosomostangueros5Front.jpg\" alt=\"\" width=\"400\" height=\"400\" \/><\/a><\/p>\n<p style=\"text-align: center;\"><a href=\"https:\/\/pandc.10z.com.ar\/wp-content\/img\/Nosomostangueros5Retro.jpg\" target=\"_blank\"><img loading=\"lazy\" decoding=\"async\" class=\"aligncenter\" src=\"https:\/\/pandc.10z.com.ar\/wp-content\/img\/Nosomostangueros5Retro.jpg\" alt=\"\" width=\"400\" height=\"320\" \/><\/a><\/p>\n<p style=\"text-align: center;\"><a href=\"https:\/\/pandc.10z.com.ar\/wp-content\/img\/Nosomostangueros5Cd.jpg\" target=\"_blank\"><img loading=\"lazy\" decoding=\"async\" class=\"aligncenter\" src=\"https:\/\/pandc.10z.com.ar\/wp-content\/img\/Nosomostangueros5Cd.jpg\" alt=\"\" width=\"400\" height=\"400\" \/><\/a><\/p>\n<p style=\"text-align: left;\">El tango, como identificaci\u00f3n de la Argentina, ha logrado seducir a los amantes de la m\u00fasica de todo el Mundo, y hace poco fue declarado <em>\u201cPatrimonio de la Humanidad\u201d<\/em>. Int\u00e9rpretes de las mas diversas nacionalidades y g\u00e9neros musicales, y en distintas \u00e9pocas, han incursionado \u2013algunos timidamente, otros de lleno- en su interpretaci\u00f3n, con diversa suerte. Esta recopilaci\u00f3n intenta dar, una vez mas, muestra de ello: int\u00e9rpretes <em>\u201cno tangueros\u201d<\/em>\u2026 haciendo tango. Habiendo ya republicado los 4 vol\u00famenes anteriores, va este quinto que espero les guste.<\/p>\n<p>La recopilaci\u00f3n de los temas es <strong>exclulsiva de P&amp;C<\/strong>, y tambi\u00e9n lo es el hermoso arte de cubierta de <strong>Paola<\/strong>, para este disco que, como tal, no existe.<\/p>\n<p><strong>Tracklist:<\/strong><\/p>\n<p><strong>01. Dom\u00e9nico Modugno &#8211; Ballata per un matto (Balada para un loco) <\/strong><br \/>\n<em>(Astor Piazzolla &#8211; Horacio Ferrer)<\/em><br \/>\nComenzamos con este verdadero \u201cincunable\u201d, que fue grabado por <strong>Modugno<\/strong> en 1982,\u00a0 y que era el lado A de un simple de 45 rpm, que en la cara B ten\u00eda <em>\u201cCuando un amigo se va\u201d<\/em>, de <em>Alberto Cortez<\/em>.\u00a0 La letra fue adaptada al italiano por el mismo <strong>Modugno<\/strong>.<\/p>\n<p><strong>02. Nelson Gon\u00e7alvez &#8211; O dia que me queiras (El d\u00eda que me quieras)<\/strong><br \/>\n<em>(Carlos Gardel &#8211; Alfredo Le Pera)<\/em><br \/>\nNacido en Rio de Janeiro en 1919, este magn\u00edfico cantante es el segundo mayor vendedor de discos de la historia de Brasil, con 75 millones de unidades (s\u00f3lo lo supera <em>Roberto Carlos<\/em>, con 120 millones). Durante su carrera, grab\u00f3 mas de dos mil canciones, 183 discos en 78 rmp, 128 LPs, gan\u00f3 38 discos de oro y 20 de platino. Y por supuesto, grab\u00f3 tangos\u2026<\/p>\n<p><strong>03. Ryota Komatsu &#8211; Danzar\u00edn<\/strong><br \/>\n<em>(Juli\u00e1n Plaza)<\/em><br \/>\n<strong>Ryota Komatsu<\/strong> tiene 35 a\u00f1os y es un bandoneonista japon\u00e9s. Actu\u00f3 en varios festivales en Buenos Aires y ha sido muy popular ultimamente dado que participa en el \u00faltimo disco de <em>Bajofondo <\/em>(el grupo de <em>Gustavo Santaolalla<\/em> de tango electr\u00f3nico).<\/p>\n<p><strong>04. Ensemble Contraste &#8211; Adios Nonino<\/strong><br \/>\n<em>(Astor Piazzolla)<\/em><br \/>\nEste es un cuarteto integrado por <em>Genevieve Laurenceau <\/em>(viol\u00f3n), <em>Arnaud Thorette <\/em>(viol\u00edn), <em>Raphael Merlin<\/em> (violoncello) y<em> Johan Farjot<\/em> (piano). Han editado un disco dedicado al tango, del que extraemos este corte.<\/p>\n<p><strong>05. Mercedes Sosa &#8211; Romance de barrio<\/strong><br \/>\n<em>(An\u00edbal Troilo &#8211; Homero Manzi)<\/em><br \/>\nLa \u201cNegra\u201d ha grabado varios tangos en sus difeentes \u00e1lbumes. Esta versi\u00f3n fue extra\u00edda de su disco <em>\u201cAc\u00fastico\u201d<\/em>, editado en 2002.<\/p>\n<p><strong>06. Danny Malando &#8211; Por una cabeza<\/strong><br \/>\n<em>(Carlos Gardel &#8211; Alfredo Le Pera)<\/em><br \/>\nDanny es la tercera generaci\u00f3n dirigiendo esta orquesta (su padre y su abuelo ya lo hicieron antes), que entre sus variedades incluye varios tangos.<\/p>\n<p><strong>07. Lourdes Rodrigues &#8211; Sin palabras<\/strong><br \/>\n<em>(Mariano Mores &#8211; Enrique Santos Discepolo)<\/em><br \/>\nEsta es una cantante brasile\u00f1a de amplia difusi\u00f3n por su incursi\u00f3n en el tango y en la m\u00fasica popular de su pa\u00eds. Es una dama con una voz implacable y tras 47 a\u00f1os de carrera escucharla cantar sigue siendo un placer.<\/p>\n<p><strong>08. Richard Clayderman &#8211; Sus ojos se cerraron<\/strong><br \/>\n<em>(Carlos Gardel &#8211; Alfredo Le Pera)<\/em><br \/>\n<strong>Clayderman<\/strong> es un famoso pianista franc\u00e9s, uno de los m\u00e1s exitosos a nivel mundial, con m\u00e1s de 70 millones de discos vendidos (siendo premiado con 267 de oro y 70 de platino). Ha editado, entre ellos, un disco completo dedicado al tango, del que extraemos esta pista.<\/p>\n<p><strong>09. Estrella Morente &#8211; Volver<\/strong><br \/>\n<em>(Carlos Gardel &#8211; Alfredo Le Pera)<\/em><br \/>\n<em>Cantaora<\/em> que est\u00e1 en la cima del cante flamenco joven de principios del siglo 21. Esta versi\u00f3n con arreglos <em>\u201cflamencos\u201d<\/em> pertenece a la banda de sonido del film <em>\u201cVolver\u201d <\/em>dirigido por <strong>Pedro Almod\u00f3var<\/strong>.<\/p>\n<p><strong>10. Louis Armstrong &#8211; I get ideas (Adios muchachos)<\/strong><br \/>\n<em>(Julio Cesar Sanders &#8211; C\u00e9sar Vedani)<\/em><br \/>\n<em>Gardel<\/em> fue quien hizo famoso este gran tango con su particular estilo.\u00a0 Louis Amstrong hizo su propia versi\u00f3n, con letra en ingl\u00e9s y al que rebautiz\u00f3.<\/p>\n<p><strong>11. Louis Armstrong &#8211; Kiss of fire (El choclo)<\/strong><br \/>\n<em>(Angel Villoldo &#8211; Enrique S.Disc\u00e9polo\/Carlos Cat\u00e1n)<\/em><br \/>\nEl 19 de marzo de 1955, <strong>Armstrong<\/strong> grab\u00f3 <em>Kiss of Fire<\/em>, que no es otra cosa que <em>\u201cEl choclo\u201d<\/em>, aunque creo que <em>Satchmo<\/em> no ten\u00eda idea de que le estaba cantando a la mazorca de ma\u00edz.<\/p>\n<p><strong>12. Magal\u00ed Leger y Karine Deshayes &#8211; El d\u00eda que me quieras<\/strong><br \/>\n<em>(Carlos Gardel &#8211; Alfredo Lepera)<\/em><br \/>\n<strong>Magali L\u00e9ger<\/strong> (Soprano) y <strong>Karine Deshayes<\/strong> (Mezzo Soprano) le dan otro car\u00e1cter al cl\u00e1sico de <em>Gardel y Le Pera<\/em>. El acompa\u00f1amiento es del <em>Ensemble Contraste<\/em>, ya presentados en el track 4 de esta selecci\u00f3n.<\/p>\n<p><strong>13. Carel Kraayenhof &#8211; Libertango<\/strong><br \/>\n<em>(Astor Piazzolla)<\/em><br \/>\nEsta es una grabaci\u00f3n que data de 2003, a cargo de este bandoneonista holand\u00e9s, que salt\u00f3 a la notoriedad mundial cuando interpret\u00f3 <em>Adi\u00f3s Nonino<\/em> en la boda del <em>pr\u00edncipe Guillermo Alejandro <\/em>con <em>M\u00e1xima Zorreguieta<\/em>. Est\u00e1 acompa\u00f1ado por <em>Emma Breedveld y Bert Vos <\/em>en violines, <em>Jaap Branderhorst <\/em>en contrabajo, <em>Sebastiaan van Delft<\/em> en piano y <em>Ville Hiltula<\/em> en bandone\u00f3n.\u00a0 Todos holandeses.<\/p>\n<p><strong>14. Jose Augusto \u00abVelho\u00bb &#8211; Sombras&#8230; nada mas!<\/strong><br \/>\n<em>(Francisco Lomuto &#8211; Jos\u00e9 Mar\u00eda Contursi)<\/em><br \/>\nConocido como <strong>Jos\u00e9 Augusto \u00abVelho\u00bb<\/strong> o <strong>\u00abSergipano\u00bb<\/strong>,\u00a0 naci\u00f3 el 3 de octubre de 1936. De inmensa popularidad, grab\u00f3 en Brasil mas de 200 temas en 22 LPs. En 1964 public\u00f3 su \u00e1lbum <em>\u201cSombras\u201d<\/em>, cuyo gran suceso era justamente, esta versi\u00f3n del cl\u00e1sico del tango.<\/p>\n<p><strong>15. Hector Lavoe &#8211; Sombras&#8230; nada mas!<\/strong><br \/>\n<em>(Francisco Lomuto &#8211; Jos\u00e9 Mar\u00eda Contursi<\/em><br \/>\nYa hemos presentado en <strong>P&amp;C<\/strong> a\u00a0 \u201cel cantante de los cantantes\u201d. Una muestra mas del gusto de los salseros por el tango. Aqu\u00ed, una vez m\u00e1s la obra de <em>Lomuto y Contursi<\/em>, pero con arreglos de bolero.<\/p>\n<p><strong>16. Bibi Ferreira y Miguel Proen\u00e7a &#8211; Esta noche me emborracho<\/strong><br \/>\n<em>(Enrique Santos Disc\u00e9polo)<\/em><br \/>\nAmbos nacieron en Brasil, pero cerca de la frontera con Uruguay. El pianista <strong>Miguel Proen\u00e7a<\/strong> acompa\u00f1a a <strong>Bibi Ferreira<\/strong> que, acostumbrada al repertorio de <em>Edith Piaf y Amalia Rodrigues<\/em>, encuentra natural cantar tangos. El \u00e1lbum que los reuni\u00f3 es una joya del que extraemos esta gema.<\/p>\n<p><strong>17. Ole Tango &#8211; El choclo<\/strong><br \/>\n<em>(Angel Villoldo &#8211; Enrique S.Disc\u00e9polo\/Carlos Cat\u00e1n)<\/em><br \/>\nVersi\u00f3n instrumental que data de 1967, en estilo \u201camericano\u201d.<\/p>\n<p>1<strong>8. Paulo Moura y Yamandu Costa &#8211; Taquito militar<\/strong><br \/>\n<em>(Mariano Mores)<\/em><br \/>\n<strong>Yamandu Costa<\/strong> (guitarra de 7 cuerdas) y <strong>Paulo Moura<\/strong> (clarinete) grabaron juntos un \u00e1lbum dedicado a la m\u00fasica latinoamericana. Obviamente, no pod\u00edan olvidar al tango\u2026<\/p>\n<p><strong>19. Julio Iglesias &#8211; La cumparsita<\/strong><br \/>\n<em>(Gerardo Matos Rodriguez &#8211; Pascual Contursi)<\/em><br \/>\nExtra\u00eddo del \u00e1lbum del popular cantante espa\u00f1ol dedicado al g\u00e9nero y editado en 1996.<\/p>\n<p><strong>20. Tania Alves &#8211; El d\u00eda que me quieras \/ La cumparsita \/ A media luz.<\/strong><br \/>\n<em>(Carlos Gardel &#8211; Alfredo Le Pera \/ Matos Rodriguez-Pascual Contursi \/ Edgardo Donato-Carlos Lenzi)<\/em><br \/>\nY otra vez en Brasil. <strong>Tania Alves<\/strong> es cantante y actriz, y si bien su fuerte es el bolero, en varios de sus discos incluy\u00f3 versiones de tangos. Aqu\u00ed, una especie de poutpurr\u00ed con tres de ellos.<\/p>\n<p>***<\/p>\n<p><a href=\"https:\/\/yadi.sk\/d\/swNv8H2x3Zfbxi\"><strong>Descarga directa<\/strong><\/a><\/p>\n<p>***<\/p>\n","protected":false},"excerpt":{"rendered":"<p>El tango, como identificaci\u00f3n de la Argentina, ha logrado seducir a los amantes de la m\u00fasica de todo el Mundo, y hace poco fue declarado \u201cPatrimonio de la Humanidad\u201d. Int\u00e9rpretes de las mas diversas nacionalidades y g\u00e9neros musicales, y en distintas \u00e9pocas, han incursionado \u2013algunos timidamente, otros de lleno- en su interpretaci\u00f3n, con diversa suerte. [&hellip;]<\/p>\n","protected":false},"author":5,"featured_media":0,"comment_status":"open","ping_status":"open","sticky":false,"template":"","format":"standard","meta":{"footnotes":""},"categories":[11],"tags":[15],"class_list":["post-1447","post","type-post","status-publish","format-standard","hentry","category-v-a","tag-tango"],"_links":{"self":[{"href":"https:\/\/pandc.10z.com.ar\/index.php?rest_route=\/wp\/v2\/posts\/1447","targetHints":{"allow":["GET"]}}],"collection":[{"href":"https:\/\/pandc.10z.com.ar\/index.php?rest_route=\/wp\/v2\/posts"}],"about":[{"href":"https:\/\/pandc.10z.com.ar\/index.php?rest_route=\/wp\/v2\/types\/post"}],"author":[{"embeddable":true,"href":"https:\/\/pandc.10z.com.ar\/index.php?rest_route=\/wp\/v2\/users\/5"}],"replies":[{"embeddable":true,"href":"https:\/\/pandc.10z.com.ar\/index.php?rest_route=%2Fwp%2Fv2%2Fcomments&post=1447"}],"version-history":[{"count":0,"href":"https:\/\/pandc.10z.com.ar\/index.php?rest_route=\/wp\/v2\/posts\/1447\/revisions"}],"wp:attachment":[{"href":"https:\/\/pandc.10z.com.ar\/index.php?rest_route=%2Fwp%2Fv2%2Fmedia&parent=1447"}],"wp:term":[{"taxonomy":"category","embeddable":true,"href":"https:\/\/pandc.10z.com.ar\/index.php?rest_route=%2Fwp%2Fv2%2Fcategories&post=1447"},{"taxonomy":"post_tag","embeddable":true,"href":"https:\/\/pandc.10z.com.ar\/index.php?rest_route=%2Fwp%2Fv2%2Ftags&post=1447"}],"curies":[{"name":"wp","href":"https:\/\/api.w.org\/{rel}","templated":true}]}}