{"id":1389,"date":"2009-10-11T09:31:32","date_gmt":"2009-10-11T12:31:32","guid":{"rendered":"http:\/\/pandc.10z.com.ar\/?p=1389"},"modified":"2011-04-07T10:54:04","modified_gmt":"2011-04-07T13:54:04","slug":"francisco-cararo-y-su-orquesta-tangos-y-milongas-pc-2009","status":"publish","type":"post","link":"https:\/\/pandc.10z.com.ar\/?p=1389","title":{"rendered":"Francisco Canaro y Su Orquesta &#8211; Tangos y Milongas (P&#038;C 2009)"},"content":{"rendered":"<p style=\"text-align: center;\"><a href=\"https:\/\/pandc.10z.com.ar\/wp-content\/img\/FranciscoCanaro-TangosyMilongasFront.jpg\" target=\"_blank\"><img loading=\"lazy\" decoding=\"async\" class=\"aligncenter\" src=\"https:\/\/pandc.10z.com.ar\/wp-content\/img\/FranciscoCanaro-TangosyMilongasFront.jpg\" alt=\"\" width=\"400\" height=\"400\" \/><\/a><\/p>\n<p><a href=\"https:\/\/pandc.10z.com.ar\/wp-content\/img\/FranciscoCanaro-TangosyMilongasRetro.jpg\" target=\"_blank\"><img loading=\"lazy\" decoding=\"async\" class=\"aligncenter\" src=\"https:\/\/pandc.10z.com.ar\/wp-content\/img\/FranciscoCanaro-TangosyMilongasRetro.jpg\" alt=\"\" width=\"400\" height=\"400\" \/><\/a><\/p>\n<p style=\"text-align: center;\"><a href=\"https:\/\/pandc.10z.com.ar\/wp-content\/img\/FranciscoCanaro-TangosyMilongasDisc.jpg\" target=\"_blank\"><img loading=\"lazy\" decoding=\"async\" class=\"aligncenter\" src=\"https:\/\/pandc.10z.com.ar\/wp-content\/img\/FranciscoCanaro-TangosyMilongasDisc.jpg\" alt=\"\" width=\"400\" height=\"400\" \/><\/a><\/p>\n<p style=\"text-align: left;\"><strong>Francisco Canaro<\/strong> naci\u00f3 en Uruguay el 26 de noviembre de 1888 y fue reconocido con el nombre de <em>Pirincho<\/em>. De ni\u00f1o, se radic\u00f3 en Argentina, y en 1906 comenz\u00f3 a tocar el viol\u00edn en un tr\u00edo que hac\u00eda Tango. Debut\u00f3 en el Caf\u00e9 Royal de la Boca en 1908.\u00a0 Sin formaci\u00f3n acad\u00e9mica, era un talentoso autodidacta. En 1910 tuvo la oportunidad de en la orquesta de <strong>Vicente Greco<\/strong>. Tocaron en bares y salones de baile durante 6 a\u00f1os hasta 1916. en ese entonces, <strong>Canaro<\/strong> fund\u00f3 su propia agrupaci\u00f3n, con gran \u00e9xito local.\u00a0 Desde 1918 luch\u00f3 por los derechos autorales, no reconocidos en esos tiempos, hasta culminar en la creaci\u00f3n de la actual SADAIC (<em>Sociedad Argentina de Autores y Compositores de M\u00fasica<\/em>), fundada en 1935 y cuyo edificio fue erigido en terrenos adquiridos por <strong>Canaro.<\/strong><\/p>\n<p>En 1924 concibi\u00f3 la ocurrencia de incorporar un cantor a la orquesta, aunque s\u00f3lo para entonar el estribillo, breve tema central de cada tango. Dio as\u00ed inicio a la era de los<em> \u00abestribillistas\u00bb<\/em> o <em>\u00abchansonniers\u00bb<\/em>. Varios a\u00f1os antes, <strong>Canaro <\/strong>hab\u00eda sido tambi\u00e9n pionero en la incorporaci\u00f3n del contrabajo a la orquesta de tango<\/p>\n<p>En 1925 march\u00f3 a Par\u00eds, donde el tango hac\u00eda furor.\u00a0 Hab\u00eda llevado consigo a sus estribillistas <em>Agust\u00edn Irusta y Roberto Fugazot<\/em>, d\u00fao al que uni\u00f3 con el pianista <strong>Lucio Demare<\/strong>. El resultante tr\u00edo triunfar\u00eda en Espa\u00f1a y otros pa\u00edses de Europa por m\u00e1s de diez a\u00f1os.\u00a0 Cuando regres\u00f3 al pa\u00eds tras dos a\u00f1os de ausencia, buenas orquestas concitaban la preferencia del p\u00fablico. Sagazmente, <strong>Canaro<\/strong> emprendi\u00f3 una extensa gira por el interior del pa\u00eds para hacerse conocer en todos los rincones. Luego, a medida que la radiofon\u00eda cobraba auge, la utiliz\u00f3 a fondo, hasta convertirse en la mayor estrella de la radio.<\/p>\n<p>Con m\u00e1s de cincuenta a\u00f1os al frente de sus agrupaciones -desde 1906 a 1964- fue uno de los directores de m\u00e1s larga campa\u00f1a profesional en el tango.\u00a0 Siendo de la generaci\u00f3n de 1910, altern\u00f3 en \u00e9sta con figuras de otras orientaciones musicales y espirituales, como <strong>Delfino, Gardel, Contursi, Roccatagliata, Fresedo y Arolas. <\/strong>Contribuy\u00f3 en plano inmediato al de Roberto Firpo, a la consolidaci\u00f3n estructural de la <em>Orquesta T\u00edpica<\/em> de la que fue el primer director-empresario.<\/p>\n<p>En su trayectoria, se registra que grab\u00f3 7.000 discos de tangueros. <strong>Francisco Canaro<\/strong> falleci\u00f3 en 1964 en la ciudad de Buenos Aires<\/p>\n<p>Esta recopilaci\u00f3n intenta forjar apenas un esbozo de la variedad de estilos, autores y compositores grabados por <strong>Francisco Canaro<\/strong>, incluyendo algunas p\u00e1ginas olvidadas del tango primigenio.\u00a0 La selecci\u00f3n es<em><strong> exclusiva de P&amp;C <\/strong><\/em>y las cubiertas fueron creadas especialmente por <em><strong>Paola<\/strong><\/em>.<\/p>\n<p><strong>Tracklist:<\/strong><\/p>\n<p>01. Clavel del aire (J.Filiberto &#8211; Fern\u00e1n Vald\u00e9s)<br \/>\n02. Cuartito azul (Mariano Mores &#8211; Mario Battistella)<br \/>\n03. Gricel (Mariano Mores &#8211; J.M. Contursi)<br \/>\n04. Malena (Lucio Demare &#8211; Homero Manzi)<br \/>\n05. Milonga sentimental (Sebasti\u00e1n Piana &#8211; Homero Manzi)<br \/>\n06. Sombras nada mas (Francisco Lomuto &#8211; J.M.Contursi)<br \/>\n07. So\u00f1ar y nada mas (Francisco Canaro &#8211; Ivo Pelay)<br \/>\n08. Yo no se que me han hecho tus ojos (Francisco Canaro)<br \/>\n09. La melod\u00eda de nuestro adios (Francisco Canaro)<br \/>\n10. Para ti, madre (Jos\u00e9 Mocciola &#8211; Venancio Clauso)<br \/>\n11. Silueta porte\u00f1a (Nicolas Cuccaro &#8211; Ernesto Nolli)<br \/>\n12. El pescante (Sebasti\u00e1n Piana &#8211; Homero Manzi)<br \/>\n13. Ronda del querer (Antonio y Ger\u00f3nimo Sureda)<br \/>\n14. Milonga de mis amores (Pedro L\u00e1urenz &#8211; J.M.Contursi)<br \/>\n15. Las margaritas (Alfredo Pelay &#8211; Domingo Pelle)<br \/>\n16. Adios muchachos (Julio C. Sanders &#8211; Cesar Vedani)<br \/>\n17. Quisiera amarte menos (Francisco Canaro &#8211; Luis Amadori)<br \/>\n18. Pampa (Francisco Prac\u00e1nico)<br \/>\n19. Reliquias porte\u00f1as (Francisco Canaro)<br \/>\n20. Adios juventud (Juan Canaro)<\/p>\n<p>***<\/p>\n<p><strong><a href=\"http:\/\/www.megaupload.com\/?d=YUWJ4OLJ\">MU Aqu\u00ed<\/a><br \/>\n<a href=\"http:\/\/www.megaupload.com\/?d=TBXLH2W0\">MU Aqu\u00ed<\/a><\/strong><\/p>\n<p><a href=\"http:\/\/rapidshare.com\/files\/290335838\/CanaroTyM.PC.part1.rar\"><strong>RS Aqu\u00ed<\/strong><\/a><\/p>\n<p><a href=\"http:\/\/rapidshare.com\/files\/290335843\/CanaroTyM.PC.part2.rar\"><strong>RS Aqu\u00ed<\/strong><\/a><\/p>\n<p>***<\/p>\n","protected":false},"excerpt":{"rendered":"<p>Francisco Canaro naci\u00f3 en Uruguay el 26 de noviembre de 1888 y fue reconocido con el nombre de Pirincho. De ni\u00f1o, se radic\u00f3 en Argentina, y en 1906 comenz\u00f3 a tocar el viol\u00edn en un tr\u00edo que hac\u00eda Tango. Debut\u00f3 en el Caf\u00e9 Royal de la Boca en 1908.\u00a0 Sin formaci\u00f3n acad\u00e9mica, era un talentoso [&hellip;]<\/p>\n","protected":false},"author":5,"featured_media":0,"comment_status":"open","ping_status":"open","sticky":false,"template":"","format":"standard","meta":{"footnotes":""},"categories":[153],"tags":[15],"class_list":["post-1389","post","type-post","status-publish","format-standard","hentry","category-francisco-canaro","tag-tango"],"_links":{"self":[{"href":"https:\/\/pandc.10z.com.ar\/index.php?rest_route=\/wp\/v2\/posts\/1389","targetHints":{"allow":["GET"]}}],"collection":[{"href":"https:\/\/pandc.10z.com.ar\/index.php?rest_route=\/wp\/v2\/posts"}],"about":[{"href":"https:\/\/pandc.10z.com.ar\/index.php?rest_route=\/wp\/v2\/types\/post"}],"author":[{"embeddable":true,"href":"https:\/\/pandc.10z.com.ar\/index.php?rest_route=\/wp\/v2\/users\/5"}],"replies":[{"embeddable":true,"href":"https:\/\/pandc.10z.com.ar\/index.php?rest_route=%2Fwp%2Fv2%2Fcomments&post=1389"}],"version-history":[{"count":0,"href":"https:\/\/pandc.10z.com.ar\/index.php?rest_route=\/wp\/v2\/posts\/1389\/revisions"}],"wp:attachment":[{"href":"https:\/\/pandc.10z.com.ar\/index.php?rest_route=%2Fwp%2Fv2%2Fmedia&parent=1389"}],"wp:term":[{"taxonomy":"category","embeddable":true,"href":"https:\/\/pandc.10z.com.ar\/index.php?rest_route=%2Fwp%2Fv2%2Fcategories&post=1389"},{"taxonomy":"post_tag","embeddable":true,"href":"https:\/\/pandc.10z.com.ar\/index.php?rest_route=%2Fwp%2Fv2%2Ftags&post=1389"}],"curies":[{"name":"wp","href":"https:\/\/api.w.org\/{rel}","templated":true}]}}