{"id":1352,"date":"2009-10-09T00:35:25","date_gmt":"2009-10-09T03:35:25","guid":{"rendered":"http:\/\/pandc.10z.com.ar\/?p=1352"},"modified":"2011-06-26T22:42:47","modified_gmt":"2011-06-27T01:42:47","slug":"paco-de-lucia-antologia-1995","status":"publish","type":"post","link":"https:\/\/pandc.10z.com.ar\/?p=1352","title":{"rendered":"Paco de Luc\u00eda &#8211; Antolog\u00eda (1995)"},"content":{"rendered":"<p><a href=\"https:\/\/pandc.10z.com.ar\/wp-content\/img\/Pacofront1.jpg\" target=\"_blank\"><img loading=\"lazy\" decoding=\"async\" class=\"aligncenter\" src=\"https:\/\/pandc.10z.com.ar\/wp-content\/img\/Pacofront1.jpg\" alt=\"\" width=\"400\" height=\"400\" \/><\/a><\/p>\n<p style=\"text-align: center;\"><a href=\"https:\/\/pandc.10z.com.ar\/wp-content\/img\/Pacoinlay1.jpg\" target=\"_blank\"><img loading=\"lazy\" decoding=\"async\" class=\"aligncenter\" src=\"https:\/\/pandc.10z.com.ar\/wp-content\/img\/Pacoinlay1.jpg\" alt=\"\" width=\"400\" height=\"400\" \/><\/a><\/p>\n<p><a href=\"https:\/\/pandc.10z.com.ar\/wp-content\/img\/Pacofront2.jpg\" target=\"_blank\"><img loading=\"lazy\" decoding=\"async\" class=\"aligncenter\" src=\"https:\/\/pandc.10z.com.ar\/wp-content\/img\/Pacofront2.jpg\" alt=\"\" width=\"400\" height=\"400\" \/><\/a><\/p>\n<p style=\"text-align: center;\"><a href=\"https:\/\/pandc.10z.com.ar\/wp-content\/img\/Pacoinlay2.jpg\" target=\"_blank\"><img loading=\"lazy\" decoding=\"async\" class=\"aligncenter\" src=\"https:\/\/pandc.10z.com.ar\/wp-content\/img\/Pacoinlay2.jpg\" alt=\"\" width=\"400\" height=\"400\" \/><\/a><\/p>\n<p style=\"text-align: left;\"><strong>Paco de Luc\u00eda<\/strong> es el nombre art\u00edstico de <em><strong>Francisco S\u00e1nchez G\u00f3mez<\/strong><\/em>, nacido en Algeciras, Andaluc\u00eda, Espa\u00f1a, en 1947. Es el guitarrista flamenco de mayor prestigio internacional. La calle y el ser hijo y hermano de m\u00fasicos, lo familiarizaron con el flamenco desde su m\u00e1s tierna infancia.<\/p>\n<p>A <strong>Paco<\/strong> que muy pronto tuvo que buscar trabajo y llevar un sueldo a casa, le cost\u00f3 superar su falta de instrucci\u00f3n, pero cuando tuvo que buscarse un nombre art\u00edstico no dud\u00f3 en apellidarlo con el nombre de su madre.\u00a0 Como tal, <strong>Paco de Luc\u00eda<\/strong> comenz\u00f3 a actuar a los doce a\u00f1os junto a su hermano <strong>Pepe<\/strong> (entonces Pepe de Algeciras) como el d\u00fao <em>Los Chiquitos de Algeciras<\/em>. Con catorce a\u00f1os obtuvo un premio en el Concurso Internacional de Arte Flamenco de Jerez de la Frontera, y aunque parezca sorprendente, fue entonces cuando inici\u00f3 su carrera internacional, ya que <strong>Jos\u00e9 Greco<\/strong> lo contrat\u00f3 como tercer guitarrista de su Compa\u00f1\u00eda de Ballet Cl\u00e1sico Espa\u00f1ol y en seguida emprendi\u00f3 su primer viaje a Estados Unidos.<\/p>\n<p>Con la direcci\u00f3n art\u00edstica de su padre grab\u00f3 los primeros discos junto a su hermano Pepe.\u00a0 Mientras tanto, se adentr\u00f3 en el terreno de la composici\u00f3n, y tambi\u00e9n grab\u00f3 sus primeros discos en solitario: <em>La fabulosa guitarra de Paco de Luc\u00eda (1967) y Fantas\u00eda flamenca (1969)<\/em>.\u00a0 <strong>Paco de Luc\u00eda<\/strong> se convirti\u00f3 en estrella de las listas de \u00e9xitos en 1973, con la rumba <em>Entre dos aguas<\/em>, que conquist\u00f3 a un p\u00fablico m\u00e1s joven que se interes\u00f3 por primera vez por la guitarra flamenca. En 1981 form\u00f3 el c\u00e9lebre sexteto con el que cre\u00f3 el concepto actual de grupo flamenco, con sus hermanos Ram\u00f3n de Algeciras y Pepe de Luc\u00eda, Jorge Pardo, Carles Benavent y Rubem Dantas, a los que m\u00e1s tarde se unir\u00eda el bailaor Manolo Soler.<\/p>\n<p>Maestro del mejor flamenco, pionero en su evoluci\u00f3n y su apertura a la fusi\u00f3n con otras m\u00fasicas y otros estilos, hubo un tiempo en que sus constantes aportaciones convirtieron a Paco de Luc\u00eda en un revolucionario del g\u00e9nero, y su influencia ha sido tal que puede decirse que ha cambiado la concepci\u00f3n del toque en m\u00e1s de una ocasi\u00f3n durante las \u00faltimas tres d\u00e9cadas.<\/p>\n<p><strong>***<\/strong><\/p>\n<p><a href=\"http:\/\/www.megaupload.com\/?d=RZAYEMQ1\"><strong>Parte 1 MU Aqu\u00ed<\/strong><\/a><\/p>\n<p><a href=\"http:\/\/www.megaupload.com\/?d=2HYF9E0C\"><strong>Parte 2 MU Aqu\u00ed<\/strong><\/a><\/p>\n<p><a href=\"http:\/\/www.megaupload.com\/?d=482CGIQ1\"><strong>Parte 3 MU Aqu\u00ed<\/strong><\/a><\/p>\n<p><a href=\"http:\/\/rapidshare.com\/files\/290530866\/PDLAnt.PC.part1.rar\"><strong>Parte 1 RS Aqu\u00ed<\/strong><\/a><\/p>\n<p><a href=\"http:\/\/rapidshare.com\/files\/290530867\/PDLAnt.PC.part2.rar\"><strong>Parte 2 RS Aqu\u00ed<\/strong><\/a><\/p>\n<p><a href=\"http:\/\/rapidshare.com\/files\/290513522\/PDLAnt.PC.part3.rar\"><strong>Parte 3 RS Aqu\u00ed<\/strong><\/a><\/p>\n<p><strong>***<\/strong><\/p>\n<p style=\"text-align: left;\">\n<p style=\"text-align: left;\"><strong><br \/>\n<\/strong><\/p>\n","protected":false},"excerpt":{"rendered":"<p>Paco de Luc\u00eda es el nombre art\u00edstico de Francisco S\u00e1nchez G\u00f3mez, nacido en Algeciras, Andaluc\u00eda, Espa\u00f1a, en 1947. Es el guitarrista flamenco de mayor prestigio internacional. La calle y el ser hijo y hermano de m\u00fasicos, lo familiarizaron con el flamenco desde su m\u00e1s tierna infancia. A Paco que muy pronto tuvo que buscar trabajo [&hellip;]<\/p>\n","protected":false},"author":5,"featured_media":0,"comment_status":"open","ping_status":"open","sticky":false,"template":"","format":"standard","meta":{"footnotes":""},"categories":[149],"tags":[150,151,159,23],"class_list":["post-1352","post","type-post","status-publish","format-standard","hentry","category-paco-de-lucia","tag-espana","tag-flamenco","tag-instrumental","tag-latino"],"_links":{"self":[{"href":"https:\/\/pandc.10z.com.ar\/index.php?rest_route=\/wp\/v2\/posts\/1352","targetHints":{"allow":["GET"]}}],"collection":[{"href":"https:\/\/pandc.10z.com.ar\/index.php?rest_route=\/wp\/v2\/posts"}],"about":[{"href":"https:\/\/pandc.10z.com.ar\/index.php?rest_route=\/wp\/v2\/types\/post"}],"author":[{"embeddable":true,"href":"https:\/\/pandc.10z.com.ar\/index.php?rest_route=\/wp\/v2\/users\/5"}],"replies":[{"embeddable":true,"href":"https:\/\/pandc.10z.com.ar\/index.php?rest_route=%2Fwp%2Fv2%2Fcomments&post=1352"}],"version-history":[{"count":0,"href":"https:\/\/pandc.10z.com.ar\/index.php?rest_route=\/wp\/v2\/posts\/1352\/revisions"}],"wp:attachment":[{"href":"https:\/\/pandc.10z.com.ar\/index.php?rest_route=%2Fwp%2Fv2%2Fmedia&parent=1352"}],"wp:term":[{"taxonomy":"category","embeddable":true,"href":"https:\/\/pandc.10z.com.ar\/index.php?rest_route=%2Fwp%2Fv2%2Fcategories&post=1352"},{"taxonomy":"post_tag","embeddable":true,"href":"https:\/\/pandc.10z.com.ar\/index.php?rest_route=%2Fwp%2Fv2%2Ftags&post=1352"}],"curies":[{"name":"wp","href":"https:\/\/api.w.org\/{rel}","templated":true}]}}