{"id":1325,"date":"2009-10-04T18:34:33","date_gmt":"2009-10-04T21:34:33","guid":{"rendered":"http:\/\/pandc.10z.com.ar\/?p=1325"},"modified":"2011-06-23T11:05:08","modified_gmt":"2011-06-23T14:05:08","slug":"mercedes-sosa-la-voz-de-america-latina-pc-2009","status":"publish","type":"post","link":"https:\/\/pandc.10z.com.ar\/?p=1325","title":{"rendered":"Mercedes Sosa &#8211; La Voz de Am\u00e9rica Latina (P&#038;C 2009)"},"content":{"rendered":"<p style=\"text-align: center;\"><a href=\"https:\/\/pandc.10z.com.ar\/wp-content\/img\/MercedeslavozFront.jpg\" target=\"_blank\"><img loading=\"lazy\" decoding=\"async\" class=\"aligncenter\" src=\"https:\/\/pandc.10z.com.ar\/wp-content\/img\/MercedeslavozFront.jpg\" alt=\"\" width=\"400\" height=\"400\" \/><\/a><\/p>\n<p><a href=\"https:\/\/pandc.10z.com.ar\/wp-content\/img\/MercedeslavozRetro.jpg\" target=\"_blank\"><img loading=\"lazy\" decoding=\"async\" class=\"aligncenter\" src=\"https:\/\/pandc.10z.com.ar\/wp-content\/img\/MercedeslavozRetro.jpg\" alt=\"\" width=\"400\" height=\"325\" \/><\/a><\/p>\n<p style=\"text-align: center;\"><a href=\"https:\/\/pandc.10z.com.ar\/wp-content\/img\/MercedeslavozCd.jpg\" target=\"_blank\"><img loading=\"lazy\" decoding=\"async\" class=\"aligncenter\" src=\"https:\/\/pandc.10z.com.ar\/wp-content\/img\/MercedeslavozCd.jpg\" alt=\"\" width=\"400\" height=\"400\" \/><\/a><\/p>\n<p style=\"text-align: left;\"><strong>Mercedes Sosa<\/strong>, de 74 a\u00f1os, falleci\u00f3 hoy domingo 4 de octubre a las 5.15 hs de Argentina en el sanatorio de la Trinidad, en Buenos Aires, donde estaba internada desde hace algunos d\u00edas. Sus restos ser\u00e1n velados en el Congreso de la Naci\u00f3n a partir del mediod\u00eda<\/p>\n<p>Este \u00e1lbum lo he elaborado con la premisa de ordenar cronol\u00f3gicamente distintos momentos de la carrera de Mercedes Sosa, desde su primer \u00e1lbum hasta el \u00faltimo (que hemos compartido <a href=\"https:\/\/pandc.10z.com.ar\/?cat=114\"><strong>AQU\u00cd<\/strong><\/a>).<\/p>\n<p>Comenzamos con <em>\u201cEl cosechero\u201d<\/em>, de su primer \u00e1lbum de 1965, siguiendo con casi todos los discos de la <em>\u201cNegra\u201d<\/em>, incluyendo diversos estilos y autores.\u00a0 As\u00ed hay lugar para el folklore argentino, el tango (<em>\u00abComo dos extra\u00f1os\u00bb<\/em>), la canci\u00f3n cubana de <strong>Silvio Rodr\u00edguez y Pablo Milan\u00e9s<\/strong>, el rock (<strong>Charly<\/strong> <strong>Garc\u00eda<\/strong>), el samba (<em>\u201cCora\u00e7\u00e2o vagabundo<\/em>\u00ab), la poes\u00eda del cubano <strong>Nicol\u00e1s Guill\u00e9n<\/strong>, y de la uruguaya <strong>Diane Denoir<\/strong> (es la Diana Reches de<em> \u201cComo un p\u00e1jaro libre\u201d<\/em>), como para la chilena <strong>Violeta Parra<\/strong>.<\/p>\n<p>Sin dudas habr\u00e1n quedado fuera tant\u00edsimas otras joyas interpretadas por <strong>Mercedes Sosa<\/strong>. Pero este quiere ser nuestro humilde y admirativo homenaje a su memoria, esperando que donde est\u00e9 ahora su voz siga dando motivos para creer en el alma humana y para ser un sin\u00f3nimo de belleza.<\/p>\n<p><strong>La recopilaci\u00f3n, como las cubiertas dise\u00f1adas por Paola, son exclusivas de P&amp;C<\/strong>.<\/p>\n<p><strong>Tracklist:<\/strong><\/p>\n<p>01. 1965 &#8211; El cosechero (Ram\u00f3n Ayala)<br \/>\n02. 1966 &#8211; Hermano (H. Lima Quintana \/ Carlos Guastavino)<br \/>\n03. 1967 &#8211; Para cantarle a mi gente (H\u00e9ctor Negro \/ Osvaldo Avena)<br \/>\n04. 1969 &#8211; Juana Azurduy (F\u00e9lix Luna \/ Ariel Ram\u00edrez)<br \/>\n05. 1975 &#8211; Chacarera de un triste (Hermanos Sim\u00f3n)<br \/>\n06. 1976 &#8211; La mamancy (C\u00e9sar Isella\/Armando Tejada G\u00f3mez)<br \/>\n07. 1977 &#8211; La maza (Silvio Rodr\u00edguez)<br \/>\n08. 1978 &#8211; Unicornio (Silvio Rodr\u00edguez)<br \/>\n09. 1979 &#8211; Como la cigarra (Mar\u00eda Elena Walsh)<br \/>\n10. 1982 &#8211; Al jard\u00edn de la Rep\u00fablica (Virgilio Carmona)<br \/>\n11. 1982 &#8211; La flor azul (Gallo \/ Villar)<br \/>\n12. 1983 &#8211; Como un p\u00e1jaro libre (Adela Gleijer \/ Diana Reches)<br \/>\n13. 1984 &#8211; Gracias a la vida (Violeta Parra)<br \/>\n14. 1988 &#8211; El tiempo, el implacable,el que pas\u00f3 (Pablo Milan\u00e9s)<br \/>\n15. 1993 &#8211; Luna (Pedro Herrero)<br \/>\n16. 1994 &#8211; Como dos extra\u00f1os (Pedro Laurenz \/ Jos\u00e9 Mar\u00eda Contursi)<br \/>\n17. 1997 &#8211; Cerca de la revoluci\u00f3n (Ch. Garc\u00eda) <em>\u2013\u00a0 con Charly Garc\u00eda<\/em>.<br \/>\n18. 1998 &#8211; Viejo coraz\u00f3n (Polo Gim\u00e9nez)<br \/>\n19. 2001 &#8211; Un son para Portinari (Horacio Salinas \/ Nicol\u00e1s Guill\u00e9n)<br \/>\n20. 2009 &#8211; Cora\u00e7\u00e2o vagabundo (C. Veloso) <em>&#8211; con Caetano Veloso<\/em><\/p>\n<p>***<\/p>\n<p><strong><a href=\"http:\/\/www.megaupload.com\/?d=H52QO5KA\">MU Aqu\u00ed<\/a><br \/>\n<a href=\"http:\/\/www.megaupload.com\/?d=38GVTFFN\">MU Aqu\u00ed<\/a><\/strong><\/p>\n<p><a href=\"http:\/\/rapidshare.com\/files\/288570242\/MSVozAmLat.PC.part1.rar\"><strong>RS Aqu\u00ed<\/strong><\/a><\/p>\n<p><a href=\"http:\/\/rapidshare.com\/files\/288570246\/MSVozAmLat.PC.part2.rar\"><strong>RS Aqu\u00ed<\/strong><\/a><\/p>\n<p>***<\/p>\n","protected":false},"excerpt":{"rendered":"<p>Mercedes Sosa, de 74 a\u00f1os, falleci\u00f3 hoy domingo 4 de octubre a las 5.15 hs de Argentina en el sanatorio de la Trinidad, en Buenos Aires, donde estaba internada desde hace algunos d\u00edas. Sus restos ser\u00e1n velados en el Congreso de la Naci\u00f3n a partir del mediod\u00eda Este \u00e1lbum lo he elaborado con la premisa [&hellip;]<\/p>\n","protected":false},"author":5,"featured_media":0,"comment_status":"open","ping_status":"open","sticky":false,"template":"","format":"standard","meta":{"footnotes":""},"categories":[114],"tags":[12,64,23,41,39,15],"class_list":["post-1325","post","type-post","status-publish","format-standard","hentry","category-mercedes-sosa","tag-brasil","tag-folklore-argentino","tag-latino","tag-pop","tag-rock","tag-tango"],"_links":{"self":[{"href":"https:\/\/pandc.10z.com.ar\/index.php?rest_route=\/wp\/v2\/posts\/1325","targetHints":{"allow":["GET"]}}],"collection":[{"href":"https:\/\/pandc.10z.com.ar\/index.php?rest_route=\/wp\/v2\/posts"}],"about":[{"href":"https:\/\/pandc.10z.com.ar\/index.php?rest_route=\/wp\/v2\/types\/post"}],"author":[{"embeddable":true,"href":"https:\/\/pandc.10z.com.ar\/index.php?rest_route=\/wp\/v2\/users\/5"}],"replies":[{"embeddable":true,"href":"https:\/\/pandc.10z.com.ar\/index.php?rest_route=%2Fwp%2Fv2%2Fcomments&post=1325"}],"version-history":[{"count":0,"href":"https:\/\/pandc.10z.com.ar\/index.php?rest_route=\/wp\/v2\/posts\/1325\/revisions"}],"wp:attachment":[{"href":"https:\/\/pandc.10z.com.ar\/index.php?rest_route=%2Fwp%2Fv2%2Fmedia&parent=1325"}],"wp:term":[{"taxonomy":"category","embeddable":true,"href":"https:\/\/pandc.10z.com.ar\/index.php?rest_route=%2Fwp%2Fv2%2Fcategories&post=1325"},{"taxonomy":"post_tag","embeddable":true,"href":"https:\/\/pandc.10z.com.ar\/index.php?rest_route=%2Fwp%2Fv2%2Ftags&post=1325"}],"curies":[{"name":"wp","href":"https:\/\/api.w.org\/{rel}","templated":true}]}}