{"id":1301,"date":"2009-10-01T16:01:46","date_gmt":"2009-10-01T19:01:46","guid":{"rendered":"http:\/\/pandc.10z.com.ar\/?p=1301"},"modified":"2011-04-14T15:02:01","modified_gmt":"2011-04-14T18:02:01","slug":"anibal-troilo-y-su-orquesta-pc-2008","status":"publish","type":"post","link":"https:\/\/pandc.10z.com.ar\/?p=1301","title":{"rendered":"An\u00edbal Troilo y su Orquesta &#8211; (P&#038;C 2008)"},"content":{"rendered":"<p><a href=\"https:\/\/pandc.10z.com.ar\/wp-content\/img\/AnibalTroiloysuorquesta-front.jpg\" target=\"_blank\"><img loading=\"lazy\" decoding=\"async\" class=\"aligncenter\" src=\"https:\/\/pandc.10z.com.ar\/wp-content\/img\/AnibalTroiloysuorquesta-front.jpg\" alt=\"\" width=\"400\" height=\"400\" \/><\/a><\/p>\n<p style=\"text-align: center;\"><a href=\"https:\/\/pandc.10z.com.ar\/wp-content\/img\/AnibalTroiloysuorquesta-Retroa.jpg\" target=\"_blank\"><img loading=\"lazy\" decoding=\"async\" class=\"aligncenter\" src=\"https:\/\/pandc.10z.com.ar\/wp-content\/img\/AnibalTroiloysuorquesta-Retroa.jpg\" alt=\"\" width=\"400\" height=\"325\" \/><\/a><\/p>\n<p style=\"text-align: left;\">Su estampa es cl\u00e1sica. Con un bandone\u00f3n sobre sus rodillas, levemente inclinado hacia adelante, con una notable papada y con los ojos entrecerrados. Esa imagen, la de <strong>An\u00edbal Troilo<\/strong>,\u00a0 es la que compite con Gardel por el trono de la m\u00fasica de Buenos Aires.<\/p>\n<p>El bandone\u00f3n lo atrap\u00f3 cuando lo escuch\u00f3 sonar en caf\u00e9s de su barrio. Ten\u00eda 10 a\u00f1os cuando convenci\u00f3 a la madre de que le comprara uno. Lo obtuvieron a 140 pesos de entonces, a pagar en 14 cuotas, pero luego de la cuarta el comerciante muri\u00f3 y nunca nadie les reclam\u00f3 el resto. Con ese instrumento toc\u00f3 casi toda su vida. Su primer contacto con el p\u00fablico fue a los 11 a\u00f1os, en un escenario pr\u00f3ximo al Abasto, bullicioso mercado frutihort\u00edcola convertido hoy en un shopping center. Luego integr\u00f3 una orquesta de se\u00f1oritas, y a los 14 a\u00f1os ya tuvo la ocurrencia de formar un quinteto. En diciembre de 1930 integr\u00f3 el renombrado sexteto conducido por el violinista <strong>Elvino Vardaro<\/strong> y el pianista <strong>Osvaldo Pugliese<\/strong>, donde Pichuco tuvo de ladero por primera vez a <strong>Ciriaco Ortiz<\/strong>.<\/p>\n<p>Lleg\u00f3 por primera vez al disco el 7 de marzo de 1938 con el tango <em>\u00abComme il faut\u00bb<\/em>, de Eduardo Arolas.\u00a0 En 1968 form\u00f3 el <em>Cuarteto An\u00edbal Troilo<\/em> para grabar en Victor 11 tangos y una milonga. Lo acompa\u00f1aban Ubaldo De L\u00edo (guitarra), Rafael Del Bagno (contrabajo) y Osvaldo Berlinghieri (piano). Habr\u00eda que sumar dos d\u00faos de bandone\u00f3n con <strong>Astor Piazzolla<\/strong> en 1970, cuando registraron <em>\u00abEl motivo\u00bb, <\/em>de <strong>Cobi\u00e1n<\/strong><em>, y \u00abVolver\u00bb<\/em>, de<strong> Carlos Gardel<\/strong>.<\/p>\n<p>Cantores de gran relieve en la historia del tango pasaron por su orquesta, como <strong>Francisco Fiorentino, Alberto Marino, Floreal Ruiz, Edmundo Rivero, Jorge Casal, Ra\u00fal Ber\u00f3n, Roberto Rufino, \u00c1ngel C\u00e1rdenas, Elba Ber\u00f3n, Tito Reyes, Nelly V\u00e1zquez y Roberto Goyeneche<\/strong>. Sus pianistas se convirtieron sistem\u00e1ticamente en directores de orquesta: as\u00ed ocurri\u00f3 con Orlando Go\u00f1i, Jos\u00e9 Basso, Carlos Figari, Osvaldo Manzi, Osvaldo Berlinghieri y Jos\u00e9 Col\u00e1ngelo.<\/p>\n<p>Grab\u00f3 alrededor de 500 tangos en su discograf\u00eda completa, por lo cual elegir estos 24 no ha sido tarea f\u00e1cil. Pero ojal\u00e1 sirva para resumir el talento, la cratividad y la emoci\u00f3n de este personaje m\u00edtico de Buenos Aires.<\/p>\n<p style=\"text-align: left;\">\n<p style=\"text-align: left;\">Una vez m\u00e1s, la gr\u00e1fica fue realizada por <strong>Paola <\/strong>munida de su talento<strong>, <\/strong>y este reposteo nos sirve como festejo: ayer, 30 de septiembre, la <strong>Unesco <\/strong>declar\u00f3 al Tango como<strong> <\/strong><em>Patrimonio Cultural de la Humanidad.<\/em><\/p>\n<p><strong>CD 1<\/strong><br \/>\n01. Comme il faut (Arolas)<br \/>\n02. Danzar\u00edn (Juli\u00e1n Plaza)<br \/>\n03. Quejas de bandone\u00f3n (Filiberto)<br \/>\n04. Lo que vendr\u00e1 (Piazzolla)<br \/>\n05. La bordona (Balcarce)<br \/>\n06. Inspiraci\u00f3n (Rubinstein-Paulos)<br \/>\n07. A mis viejos (Berlingieri)<br \/>\n08. El baqueano (Bardi)<br \/>\n09. Fechor\u00eda (Troilo)<br \/>\n10. La cumparsita (Matos Rodriguez)<br \/>\n11. La racha (Bardi)<br \/>\n12. La trilla (Arolas)<\/p>\n<p style=\"text-align: left;\"><strong>CD 2<\/strong><br \/>\n01. Verano porte\u00f1o (Piazzolla)<br \/>\n02. Tierrita (Bardi-Caruso)<br \/>\n03. Responso (Troilo)<br \/>\n04. Los Mareados (Cobi\u00e1n-Cad\u00edcamo)<br \/>\n05. Melanc\u00f3lico (Juli\u00e1n Plaza)<br \/>\n06. Pa\u00b4que bailen los muchachos (Troilo-Cad\u00edcamo)<br \/>\n07. Naipe Marcado (Greco)<br \/>\n08. Mi refugio (Cobi\u00e1n-Numa C\u00f3rdoba)<br \/>\n09. Barrio pobre &#8211; canta: Roberto Goyeneche (Jimenez-Belvedere)<br \/>\n10. Sur &#8211; canta Edmundo Rivero (Manzi-Troilo)<br \/>\n11. El motivo &#8211; duo de bandoneones Troilo-Piazzolla (Cobi\u00e1n-Contursi)<br \/>\n12. Volver &#8211; duo de bandoneones Troilo-Piazzolla (Gardel-Le Pera)<\/p>\n<p>***<\/p>\n<p><strong><a href=\"http:\/\/www.megaupload.com\/?d=6A1Y3QNN\">MU Aqu\u00ed<\/a><br \/>\n<a href=\"http:\/\/www.megaupload.com\/?d=6DD5VMP3\">MU Aqu\u00ed<\/a><\/strong><\/p>\n<p><a href=\"http:\/\/rapidshare.com\/files\/286728928\/Troilo1.PC.rar\"><strong>RS Aqu\u00ed<\/strong><\/a><\/p>\n<p><a href=\"http:\/\/rapidshare.com\/files\/286728926\/Troilo2.PC.rar\"><strong>RS Aqu\u00ed<\/strong><\/a><\/p>\n<p>***<\/p>\n","protected":false},"excerpt":{"rendered":"<p>Su estampa es cl\u00e1sica. Con un bandone\u00f3n sobre sus rodillas, levemente inclinado hacia adelante, con una notable papada y con los ojos entrecerrados. Esa imagen, la de An\u00edbal Troilo,\u00a0 es la que compite con Gardel por el trono de la m\u00fasica de Buenos Aires. El bandone\u00f3n lo atrap\u00f3 cuando lo escuch\u00f3 sonar en caf\u00e9s de [&hellip;]<\/p>\n","protected":false},"author":5,"featured_media":0,"comment_status":"open","ping_status":"open","sticky":false,"template":"","format":"standard","meta":{"footnotes":""},"categories":[144],"tags":[15],"class_list":["post-1301","post","type-post","status-publish","format-standard","hentry","category-anibal-troilo","tag-tango"],"_links":{"self":[{"href":"https:\/\/pandc.10z.com.ar\/index.php?rest_route=\/wp\/v2\/posts\/1301","targetHints":{"allow":["GET"]}}],"collection":[{"href":"https:\/\/pandc.10z.com.ar\/index.php?rest_route=\/wp\/v2\/posts"}],"about":[{"href":"https:\/\/pandc.10z.com.ar\/index.php?rest_route=\/wp\/v2\/types\/post"}],"author":[{"embeddable":true,"href":"https:\/\/pandc.10z.com.ar\/index.php?rest_route=\/wp\/v2\/users\/5"}],"replies":[{"embeddable":true,"href":"https:\/\/pandc.10z.com.ar\/index.php?rest_route=%2Fwp%2Fv2%2Fcomments&post=1301"}],"version-history":[{"count":0,"href":"https:\/\/pandc.10z.com.ar\/index.php?rest_route=\/wp\/v2\/posts\/1301\/revisions"}],"wp:attachment":[{"href":"https:\/\/pandc.10z.com.ar\/index.php?rest_route=%2Fwp%2Fv2%2Fmedia&parent=1301"}],"wp:term":[{"taxonomy":"category","embeddable":true,"href":"https:\/\/pandc.10z.com.ar\/index.php?rest_route=%2Fwp%2Fv2%2Fcategories&post=1301"},{"taxonomy":"post_tag","embeddable":true,"href":"https:\/\/pandc.10z.com.ar\/index.php?rest_route=%2Fwp%2Fv2%2Ftags&post=1301"}],"curies":[{"name":"wp","href":"https:\/\/api.w.org\/{rel}","templated":true}]}}