{"id":1299,"date":"2009-10-01T15:52:50","date_gmt":"2009-10-01T18:52:50","guid":{"rendered":"http:\/\/pandc.10z.com.ar\/?p=1299"},"modified":"2011-06-19T09:06:46","modified_gmt":"2011-06-19T12:06:46","slug":"julio-de-caro-y-su-orquesta-pc-1924-1932","status":"publish","type":"post","link":"https:\/\/pandc.10z.com.ar\/?p=1299","title":{"rendered":"Julio De Caro y su Orquesta &#8211; P&#038;C (1924-1932)"},"content":{"rendered":"<p><a href=\"https:\/\/pandc.10z.com.ar\/wp-content\/img\/01-JulioDeCaroysuOrquesta(1924-1932)FRONT.jpg\" target=\"_blank\"><img loading=\"lazy\" decoding=\"async\" class=\"aligncenter\" src=\"https:\/\/pandc.10z.com.ar\/wp-content\/img\/01-JulioDeCaroysuOrquesta(1924-1932)FRONT.jpg\" alt=\"\" width=\"400\" height=\"400\" \/><\/a><\/p>\n<p style=\"text-align: center;\"><a href=\"https:\/\/pandc.10z.com.ar\/wp-content\/img\/01-JulioDeCaroysuOrquesta(1924-1932)RETRO.jpg\" target=\"_blank\"><img loading=\"lazy\" decoding=\"async\" class=\"aligncenter\" src=\"https:\/\/pandc.10z.com.ar\/wp-content\/img\/01-JulioDeCaroysuOrquesta(1924-1932)RETRO.jpg\" alt=\"\" width=\"400\" height=\"325\" \/><\/a><\/p>\n<p style=\"text-align: left;\">En homenaje al nacimiento de <strong>Carlos Gardel<\/strong>, que representa al tango como su mayor interprete, y en homenaje al nacimiento del gran director de orquesta <strong>Julio De Caro<\/strong>, se instituy\u00f3 en 1980 al 11 de diciembre como <em>\u201cEl D\u00eda Nacional del Tango\u201d<\/em> en Argentina.<\/p>\n<p><strong>Julio De Caro<\/strong> Naci\u00f3 en una vieja casona de la calle Piedad 1898 (hoy Bartolom\u00e9 Mitre) el 11 de diciembre de 1899. Fue el segundo de 12 hijos. Sus padres -el m\u00fasico Jos\u00e9 De Caro De Sica y Mariana Ricciardi Villari- eran de origen italiano.\u00a0 Con su hermano Francisco iniciaron sus estudios musicales con el padre, y luego Julio estudi\u00f3 viol\u00edn con el maestro Francassi.<\/p>\n<p>En 1915 le pidi\u00f3 al empresario De Bassi (amigo del padre) participar en la orquesta de la compa\u00f1\u00eda de zarzuela como segundo viol\u00edn para el teatro \u00abLorea\u00bb. Le rog\u00f3 adem\u00e1s que no le contara a su padre ya que \u00e9ste ten\u00eda aversi\u00f3n por la m\u00fasica popular y quer\u00eda que sus hijos s\u00f3lo tocaran m\u00fasica \u00aben serio\u00bb. En 1917 logr\u00f3 tocar en la orquesta de <strong>Roberto Firpo<\/strong>, en el Palais de Glace. <strong>Firpo<\/strong> le ofreci\u00f3 el viol\u00edn y<strong> De Caro <\/strong>toc\u00f3 <em>\u00abLa Cumparsita\u00bb<\/em>.\u00a0 Despu\u00e9s de verlo, el bandoneonista y compositor <strong>Eduardo Arolas <\/strong>lo invit\u00f3 a tocar en su orquesta.<br \/>\nSu padre decidi\u00f3 poner punto final a las correr\u00edas de Julio. Una madrugada lo esper\u00f3 en la puerta de la casa y el joven tuvo que confesar la verdad. Indignado, don Jos\u00e9 le pregunt\u00f3 si quer\u00eda ser un buen m\u00e9dico o un vulgar tanguero. Ante su elecci\u00f3n por el tango, su padre lo ech\u00f3 de la casa y Julio se fue a vivir con los abuelos.<\/p>\n<p>Se radic\u00f3 en Montevideo como primer viol\u00edn de la orquesta del bandoneonista <strong>Minotto Di Cicco<\/strong>. De vuelta en Buenos Aires, hered\u00f3 el sexteto de <strong>Juan C. Cobi\u00e1n<\/strong>. Form\u00f3 luego su famoso sexteto con <strong>Francisco De Caro, Emilio De Caro, Pedro Maffia, Luis Petrucelli y Leopoldo Thompson<\/strong>.<\/p>\n<p>En 1931 se embarc\u00f3 rumbo a Europa. Se present\u00f3 en Niza. All\u00ed tuvo como p\u00fablico a <strong>Carlos Gardel<\/strong>, que, desde su mesa, ofici\u00f3 de \u00abpresentador\u00bb, y a <strong>Charles Chaplin<\/strong>, que bail\u00f3 el tango <em>\u00abEl Monito\u00bb. <\/em>Pas\u00f3 luego a Montecarlo, Cannes, Italia, Tur\u00edn, G\u00e9nova y Roma.<\/p>\n<p>A lo largo de 30 a\u00f1os grab\u00f3 420 obras, aunque algunos coleccionistas consignan haber hallado dos decenas m\u00e1s. El grueso de su discograf\u00eda se concentra en el per\u00edodo 1924-1932, que se subdivide en dos grandes series: la del sello V\u00edctor, hasta 1928, y la de Brunswick, desde 1929.<\/p>\n<p><strong>Julio De Caro<\/strong> fund\u00f3 un nuevo y trascendental estilo que ser\u00eda gu\u00eda -como ning\u00fan otro- en la historia posterior del tango, ensanchando su horizonte. Esta compilaci\u00f3n es <strong>exclusiva de P&amp;C <\/strong>y las car\u00e1tulas fueron realizadas por <strong>Paola<\/strong>.<\/p>\n<p><strong>Tracklist:<\/strong><\/p>\n<p>01. Derecho viejo (Arolas &#8211; Clausi)<br \/>\n02. Mosca brava (Saborido)<br \/>\n03. La plegaria (Bianco)<br \/>\n04. Guardia vieja (De Caro)<br \/>\n05. Recuerdo (Pugliese &#8211; Moreno)<br \/>\n06. Farolito de mi barrio (Pollet &#8211; De Grandis)<br \/>\n07. Quejas de bandone\u00f3n (Filiberto)<br \/>\n08. Amurado (Maffia &#8211; Laurenz)<br \/>\n09. Tierra querida (De Caro)<br \/>\n10. Mala junta (De Caro &#8211; Laurenz)<br \/>\n11. Gallo ciego (Bard\u00ed)<br \/>\n12. Color de rosa (Pedro y Antonio Polito)<br \/>\n13. Maipo (Arolas)<br \/>\n14. Amarguras (Gardel &#8211; Le Pera)<br \/>\n15. El monito (De Caro)<br \/>\n16. La \u00faltima cita (Bard\u00ed)<br \/>\n17. Acordate, gil (De Caro)<br \/>\n18. Carro viejo (Orsi &#8211; Montoni)<br \/>\n19. Adi\u00f3s pueblo (Bardi &#8211; De Grandis)<br \/>\n20. Boedo (De Caro)<\/p>\n<p>***<\/p>\n<p><a href=\"http:\/\/www.megaupload.com\/?d=R15HKXN4\"><strong>MU Aqu\u00ed<\/strong><\/a><\/p>\n<p><a href=\"http:\/\/rapidshare.com\/files\/286728930\/JDC2432.PC.rar\"><strong>RS Aqu\u00ed<\/strong><\/a><\/p>\n<p>***<\/p>\n","protected":false},"excerpt":{"rendered":"<p>En homenaje al nacimiento de Carlos Gardel, que representa al tango como su mayor interprete, y en homenaje al nacimiento del gran director de orquesta Julio De Caro, se instituy\u00f3 en 1980 al 11 de diciembre como \u201cEl D\u00eda Nacional del Tango\u201d en Argentina. Julio De Caro Naci\u00f3 en una vieja casona de la calle [&hellip;]<\/p>\n","protected":false},"author":5,"featured_media":0,"comment_status":"open","ping_status":"open","sticky":false,"template":"","format":"standard","meta":{"footnotes":""},"categories":[143],"tags":[15],"class_list":["post-1299","post","type-post","status-publish","format-standard","hentry","category-julio-de-caro","tag-tango"],"_links":{"self":[{"href":"https:\/\/pandc.10z.com.ar\/index.php?rest_route=\/wp\/v2\/posts\/1299","targetHints":{"allow":["GET"]}}],"collection":[{"href":"https:\/\/pandc.10z.com.ar\/index.php?rest_route=\/wp\/v2\/posts"}],"about":[{"href":"https:\/\/pandc.10z.com.ar\/index.php?rest_route=\/wp\/v2\/types\/post"}],"author":[{"embeddable":true,"href":"https:\/\/pandc.10z.com.ar\/index.php?rest_route=\/wp\/v2\/users\/5"}],"replies":[{"embeddable":true,"href":"https:\/\/pandc.10z.com.ar\/index.php?rest_route=%2Fwp%2Fv2%2Fcomments&post=1299"}],"version-history":[{"count":0,"href":"https:\/\/pandc.10z.com.ar\/index.php?rest_route=\/wp\/v2\/posts\/1299\/revisions"}],"wp:attachment":[{"href":"https:\/\/pandc.10z.com.ar\/index.php?rest_route=%2Fwp%2Fv2%2Fmedia&parent=1299"}],"wp:term":[{"taxonomy":"category","embeddable":true,"href":"https:\/\/pandc.10z.com.ar\/index.php?rest_route=%2Fwp%2Fv2%2Fcategories&post=1299"},{"taxonomy":"post_tag","embeddable":true,"href":"https:\/\/pandc.10z.com.ar\/index.php?rest_route=%2Fwp%2Fv2%2Ftags&post=1299"}],"curies":[{"name":"wp","href":"https:\/\/api.w.org\/{rel}","templated":true}]}}