{"id":1263,"date":"2009-09-26T18:38:33","date_gmt":"2009-09-26T21:38:33","guid":{"rendered":"http:\/\/pandc.10z.com.ar\/?p=1263"},"modified":"2010-07-11T23:03:29","modified_gmt":"2010-07-12T02:03:29","slug":"ary-barroso-%e2%80%93-encontro-con-ary-1955","status":"publish","type":"post","link":"https:\/\/pandc.10z.com.ar\/?p=1263","title":{"rendered":"Ary Barroso \u2013 Encontro Com Ary (1955)"},"content":{"rendered":"<p style=\"text-align: center;\"><a href=\"https:\/\/pandc.10z.com.ar\/wp-content\/img\/Aryencontrofrontlp.jpg\" target=\"_blank\"><img loading=\"lazy\" decoding=\"async\" class=\"aligncenter\" src=\"https:\/\/pandc.10z.com.ar\/wp-content\/img\/Aryencontrofrontlp.jpg\" alt=\"\" width=\"400\" height=\"400\" \/><\/a><\/p>\n<p style=\"text-align: center;\"><a href=\"https:\/\/pandc.10z.com.ar\/wp-content\/img\/Ariencontroback.jpg\" target=\"_blank\"><img loading=\"lazy\" decoding=\"async\" class=\"aligncenter\" src=\"https:\/\/pandc.10z.com.ar\/wp-content\/img\/Ariencontroback.jpg\" alt=\"\" width=\"400\" height=\"400\" \/><\/a><\/p>\n<p style=\"text-align: left;\"><strong>Ary Evangelista Barroso <\/strong>naci\u00f3 en Ub\u00e1 (Minas Gerais) el 7 de noviembre de 1903.\u00a0 Su padre, el Dr. Jo\u00e3o Evangelista Barroso, fue diputado estatal y promotor p\u00fablico en Ub\u00e1. Despu\u00e9s de la muerte de su madre, do\u00f1a Evangelina, y de su padre (ambas en 1911), fue adoptado por sus t\u00edas dona Gabriela y dona Rita, esta \u00faltima profesora de piano y responsable de su iniciaci\u00f3n a la m\u00fasica. En 1921 ingres\u00f3 en la Facultad de Derecho, en la Ruda do Catate, pasando al mismo tiempo a frecuentar las rodas bohemias de la capital. En 1922, reprobado en la facultad y ya sin dinero, comenz\u00f3 a trabajar como pianista en el Cinema \u00cdris, en el Largo da Carioca. En mayo de 1923 pas\u00f3 a tocar con la orquesta del maestro Sebasti\u00e3o Cirino en la sala de espera del Teatro Carlos Gomes.\u00a0\u00a0 Comenz\u00f3 su participaci\u00f3n en el teatro musicado, que se extendi\u00f3 de 1929 a 1960, teniendo escrito m\u00fasicas para m\u00e1s de 60 piezas teatrales.\u00a0 Incentivado por Eduardo Souto, inscribi\u00f3 la marcha <em>\u201cD\u00e1 nela\u201d <\/em>en el concurso de m\u00fasicas carnavalescas de la Casa Edison para el Carnaval de 1930. La m\u00fasica obtuvo el primer lugar.\u00a0 Su prestigio como compositor qued\u00f3 asegurado entre 1931 y 1933, adem\u00e1s de su intensa participaci\u00f3n en el teatro. A\u00fan en 1935 se estren\u00f3 como locutor deportivo. Como locutor de f\u00fatbol se volvi\u00f3 famoso por tocar una flauta de manera graciosa cada vez que se marcaba un gol, y por su parcialidad a favor del equipo de f\u00fatbol Flamengo.<\/p>\n<p>En junio de 1939 lanz\u00f3, en la revista musical \u201cEntra na faixa\u201d, en el Teatro Recreio, el samba <em>\u201cAquarela do Brasil\u201d<\/em>, cantado por Aracy Cort\u00eas. Interpretado al mes siguiente por C\u00e2ndido Botelho en el espect\u00e1culo \u201cJoujoux et Balangandans\u201d, de Henrique Pongetti (m\u00fasicas en sociedad con Lamartine Babo y N\u00e1ssara), en el Teatro Municipal, y grabado en agosto por Francisco Alves, en la Odeon, <em>\u201cAquarela do Brasil\u201d<\/em> fue el iniciador del samba-exalta\u00e7\u00e3o, de melod\u00eda extensa y siempre apoyado con gran orquestaci\u00f3n -g\u00e9nero que se acreditaba destinado a la conquista del mercado internacional de m\u00fasica popular. La m\u00e1s c\u00e9lebre de sus composiciones tuvo centenas de grabaciones en Brasil y en el exterior. En 1944 hizo dos viajes a Estados Unidos, despu\u00e9s del lanzamiento en el mercado norteamericano de <em>\u201cNo tabuleiro da baiana\u201d y \u201cAquarela do Brasil\u201d<\/em>. Compuso entonces \u201cR\u00edo de Janeiro\u201d, para la pel\u00edcula \u201cBrazil\u201d (1944), de la Republic Pictures, grabada en 1950 por Dalva de Oliveira en la Odeon, y que fue nominada para el Oscar como mejor m\u00fasica de banda sonora.<\/p>\n<p>Enferm\u00f3 de cirrosis hep\u00e1tica pero se reestableci\u00f3 parcialmente en 1962 y retom\u00f3 su programa en la TV, <em>\u201cEncontro com Ary\u201d<\/em>, transmitido los domingos. A\u00fan en ese a\u00f1o hac\u00eda su \u00faltima asociaci\u00f3n; con Vin\u00edcius de Moraes, que hizo letras para cuatro m\u00fasicas, inclusive <em>\u201cRancho das namoradas\u201d<\/em>.\u00a0 Internado con una nueva crisis de cirrosis, parec\u00eda recuperarse en la Navidad de 1963 pero sufri\u00f3 una reca\u00edda y fue recogido por el Instituto Quir\u00fargico Gabriel de Lucena, donde falleci\u00f3; era un domingo de Carnaval y el G.R.E.S. Imperio Serrano desfilaba en la avenida presentando el enredo <em>\u201cAquarela do Brasil\u201d. <\/em><\/p>\n<p><strong>***<\/strong><\/p>\n<p>En 1955 <strong>Ary Barroso<\/strong> grab\u00f3 su primer LP en Brasil, que aqu\u00ed presentamos, inspirado en su exitoso programa de televisi\u00f3n. Es s\u00f3lo Ary Barroso con su piano, haciendo m\u00fasica, hablando, e incluso cantando dos canciones: <em>\u201cCamisa Amarela\u201d y \u201cNem Ela.\u201d<\/em><\/p>\n<p>Abre el disco con un mensaje hablado dirigido no s\u00f3lo a sus contempor\u00e1neos sino tambi\u00e9n a futuras generaciones. Ese mensaje est\u00e1 reproducido en la contratapa del disco. Dice, entre otras cosas: <em>\u201cHaciendo girar este disco podr\u00e1 oir mi voz y mi piano. No es un piano virtuoso ni una voz de oro. Es el piano simple que me ayud\u00f3 a descubrir armon\u00edas, y la voz met\u00e1lica de los micr\u00f3fonos. Si el objetivo fue logrado, entonces estar\u00e9 perfectamente tranquilo y compensado\u201d<\/em>.<\/p>\n<p>Debo agradecer a <strong>Sandra Insaurralde<\/strong> haber cedido este disco para digitalizarlo y compartirlo <strong>en exclusiva en P&amp;C<\/strong>. Nunca editado en CD, es una verdadera gema de la m\u00fasica popular de Brasil y el testimonio de uno de sus creadores emblem\u00e1ticos.<\/p>\n<p><strong>Tracklist:<\/strong><\/p>\n<p>01. Trapo de Gente (Ary Barroso)<br \/>\n02. Minha M\u00e1goa (Ary Barroso)<br \/>\n03. Risque (Ary Barroso)<br \/>\n04. Camisa Amarela (Ary Barroso)<br \/>\n05. Na Baixa do Sapateiro (Ary Barroso)<br \/>\n06. Rancho Fundo (Ary Barroso\/Lamartine Babo)<br \/>\n07. Choro Brasileiro No. 3 (Ary Barroso)<br \/>\n08. Nem Ela (Ary Barroso)<br \/>\n09. Aquarela do Brasil (Ary Barroso)<\/p>\n<p>***<\/p>\n<p><a href=\"http:\/\/www.megaupload.com\/?d=OJJZ56NM\"><strong>Aqu\u00ed<\/strong><\/a><\/p>\n<p>***<\/p>\n","protected":false},"excerpt":{"rendered":"<p>Ary Evangelista Barroso naci\u00f3 en Ub\u00e1 (Minas Gerais) el 7 de noviembre de 1903.\u00a0 Su padre, el Dr. Jo\u00e3o Evangelista Barroso, fue diputado estatal y promotor p\u00fablico en Ub\u00e1. Despu\u00e9s de la muerte de su madre, do\u00f1a Evangelina, y de su padre (ambas en 1911), fue adoptado por sus t\u00edas dona Gabriela y dona Rita, [&hellip;]<\/p>\n","protected":false},"author":5,"featured_media":0,"comment_status":"open","ping_status":"open","sticky":false,"template":"","format":"standard","meta":{"footnotes":""},"categories":[139],"tags":[12],"class_list":["post-1263","post","type-post","status-publish","format-standard","hentry","category-ary-barroso","tag-brasil"],"_links":{"self":[{"href":"https:\/\/pandc.10z.com.ar\/index.php?rest_route=\/wp\/v2\/posts\/1263","targetHints":{"allow":["GET"]}}],"collection":[{"href":"https:\/\/pandc.10z.com.ar\/index.php?rest_route=\/wp\/v2\/posts"}],"about":[{"href":"https:\/\/pandc.10z.com.ar\/index.php?rest_route=\/wp\/v2\/types\/post"}],"author":[{"embeddable":true,"href":"https:\/\/pandc.10z.com.ar\/index.php?rest_route=\/wp\/v2\/users\/5"}],"replies":[{"embeddable":true,"href":"https:\/\/pandc.10z.com.ar\/index.php?rest_route=%2Fwp%2Fv2%2Fcomments&post=1263"}],"version-history":[{"count":0,"href":"https:\/\/pandc.10z.com.ar\/index.php?rest_route=\/wp\/v2\/posts\/1263\/revisions"}],"wp:attachment":[{"href":"https:\/\/pandc.10z.com.ar\/index.php?rest_route=%2Fwp%2Fv2%2Fmedia&parent=1263"}],"wp:term":[{"taxonomy":"category","embeddable":true,"href":"https:\/\/pandc.10z.com.ar\/index.php?rest_route=%2Fwp%2Fv2%2Fcategories&post=1263"},{"taxonomy":"post_tag","embeddable":true,"href":"https:\/\/pandc.10z.com.ar\/index.php?rest_route=%2Fwp%2Fv2%2Ftags&post=1263"}],"curies":[{"name":"wp","href":"https:\/\/api.w.org\/{rel}","templated":true}]}}