{"id":1256,"date":"2009-09-26T00:15:45","date_gmt":"2009-09-26T03:15:45","guid":{"rendered":"http:\/\/pandc.10z.com.ar\/?p=1256"},"modified":"2011-06-26T01:01:59","modified_gmt":"2011-06-26T04:01:59","slug":"paula-fernandes-passaro-de-fogo-2009","status":"publish","type":"post","link":"https:\/\/pandc.10z.com.ar\/?p=1256","title":{"rendered":"Paula Fernandes &#8211; P\u00e1ssaro de Fogo (2009)"},"content":{"rendered":"<p style=\"text-align: center;\"><a href=\"https:\/\/pandc.10z.com.ar\/wp-content\/img\/PaulaPassaroFront.jpg\" target=\"_blank\"><img loading=\"lazy\" decoding=\"async\" class=\"aligncenter\" title=\"PaulaFront\" src=\"https:\/\/pandc.10z.com.ar\/wp-content\/img\/PaulaPassaroFront.jpg\" alt=\"\" width=\"400\" height=\"400\" \/><\/a><\/p>\n<p style=\"text-align: center;\">\n<p style=\"text-align: center;\"><a href=\"https:\/\/pandc.10z.com.ar\/wp-content\/img\/PaulaPassaroRetro.jpg\" target=\"_blank\"><img loading=\"lazy\" decoding=\"async\" class=\"aligncenter\" title=\"PaulaRetro\" src=\"https:\/\/pandc.10z.com.ar\/wp-content\/img\/PaulaPassaroRetro.jpg\" alt=\"\" width=\"400\" height=\"320\" \/><\/a><\/p>\n<p style=\"text-align: center;\">\n<p>Paula Fernandes, cantante, compositora e instrumentista, revelaci\u00f3n de la m\u00fasica sertaneja brasileira, naci\u00f3 en Sete Lagoas, en Minas Gerais. Empez\u00f3 a cantar a los ocho a\u00f1os y a los diez lanz\u00f3 su primer disco \u00abPaula Fernandes\u00bb. En Sete Lagoas se present\u00f3 al programa de radio \u00abCrian\u00e7a Esperan\u00e7a\u00bb junto con sus amigos Brand\u00e3o y Sidney.<\/p>\n<p>Cuando ten\u00eda doce a\u00f1os Paula, junto con su familia, se mud\u00f3 a S\u00e3o Paulo y fue contratada por una compa\u00f1\u00eda de rodeos con quien trabaj\u00f3 durante cinco a\u00f1os, viajando por todo Brasil como cantante del grupo, lo que le dio suficiente experiencia en el escenario, el repertorio y la vida art\u00edstica.<br \/>\nEn este mismo a\u00f1o, inspirada por el \u00e9xito de la telenovela \u00abAna Raio e Z\u00e9 Trov\u00e3o\u00bb, lanza su segundo Cd, \u00abAna Rayo\u00bb, con un repertorio pop\/sertanejo.<\/p>\n<p>Sale enseguida su tercer \u00e1lbum \u00abCan\u00e7\u00f5es do Vento Sul\u00bb, con la participaci\u00f3n del grupo Sagrado Cora\u00e7\u00e3o da Terra y del cantante S\u00e9rgio Reis que dice de ella: \u00abEs la m\u00e1s bella voz que he o\u00eddo en los \u00faltimos diez a\u00f1os\u00bb.<br \/>\nEn el \u00e1lbum Paula ya demuestra su versatilidad pasando de la MPB al pop, al country y al sertanejo. El disco le vale una nominaci\u00f3n al Pr\u00eamio Tim de M\u00fasica Brasileira de 2006 en la categor\u00eda de Melhor Cantora Popular.<\/p>\n<p>En diciembre de 2006 sale \u00abDust in the Wind\u00bb con temas de su repertorio internacional, cuales \u00abAngel\u00bb, de Sarah MacLachlan, \u00abThe Boxer\u00bb de Paul Simon y una bella versi\u00f3n de \u00abDust in the Wind\u00bb de Kansas, incluida en la banda sonora de la telenovela P\u00e1ginas Da Vida.<\/p>\n<p>En el 2008 Paula Fernandes es contratada por la Universal Music, que apuesta al talento de la cantante con el Cd \u00abP\u00e1ssaro de Fogo\u00bb, sensacional \u00e1lbum con 15 canciones de su autor\u00eda, que incluye \u00abMeu em Voc\u00ea\u00bb y el estupendo tema t\u00edtulo del \u00e1lbum, \u00abP\u00e1ssaro de Fogo\u00bb. Cuenta con las participaciones especiales de C\u00e9sar Menotti &amp; Fabiano y de Almir Satter.<\/p>\n<p><span style=\"color: #ff0000;\"><strong>Un disco que no pueden dejar de escuchar, altamente recomendado!<\/strong><\/span><\/p>\n<form>\n<input onclick=\"window.open('flash_player\/pf.html','mywindow','width=150,height=90')\" type=\"button\" value=\"Escuchar online\" \/><br \/>\n<\/form>\n<p>***<\/p>\n<p><strong>Tracklist:<\/strong><\/p>\n<p>01. P\u00e1ssaro de Fogo<br \/>\n02. Chuva Chover<br \/>\n03. Meu Em Voce<br \/>\n04. Sem Voce<br \/>\n05. Complicados Demais<br \/>\n06. Espaco Sideral (Participacao Especial: C\u00e9sar Menotti &amp; Fabiano)<br \/>\n07. Apaixonados Pela Lua<br \/>\n08. Debaixo do Cacho<br \/>\n09. Danca Menina<br \/>\n10. Sede de Amor<br \/>\n11. Quero Sim<br \/>\n12. Vai<br \/>\n13. Pra Que Inventaram o Amor?<br \/>\n14. Jeito de Mato (Participacao Especial: Almir Sater)<br \/>\n15. Meu Em Voce (Acustico)<\/p>\n<p>***<\/p>\n<p><a href=\"http:\/\/www.megaupload.com\/?d=S0GB2ZUU\"><strong>MU Aqu\u00ed<\/strong><\/a><\/p>\n<p><a href=\"http:\/\/rapidshare.com\/files\/284894494\/PaulaPassaro.rar\">RS Aqu\u00ed<\/a><\/p>\n<p>***<\/p>\n","protected":false},"excerpt":{"rendered":"<p>Paula Fernandes, cantante, compositora e instrumentista, revelaci\u00f3n de la m\u00fasica sertaneja brasileira, naci\u00f3 en Sete Lagoas, en Minas Gerais. Empez\u00f3 a cantar a los ocho a\u00f1os y a los diez lanz\u00f3 su primer disco \u00abPaula Fernandes\u00bb. En Sete Lagoas se present\u00f3 al programa de radio \u00abCrian\u00e7a Esperan\u00e7a\u00bb junto con sus amigos Brand\u00e3o y Sidney. Cuando [&hellip;]<\/p>\n","protected":false},"author":4,"featured_media":0,"comment_status":"open","ping_status":"open","sticky":false,"template":"","format":"standard","meta":{"footnotes":""},"categories":[137],"tags":[12,41,138],"class_list":["post-1256","post","type-post","status-publish","format-standard","hentry","category-paula-fernandes","tag-brasil","tag-pop","tag-sertanejo"],"_links":{"self":[{"href":"https:\/\/pandc.10z.com.ar\/index.php?rest_route=\/wp\/v2\/posts\/1256","targetHints":{"allow":["GET"]}}],"collection":[{"href":"https:\/\/pandc.10z.com.ar\/index.php?rest_route=\/wp\/v2\/posts"}],"about":[{"href":"https:\/\/pandc.10z.com.ar\/index.php?rest_route=\/wp\/v2\/types\/post"}],"author":[{"embeddable":true,"href":"https:\/\/pandc.10z.com.ar\/index.php?rest_route=\/wp\/v2\/users\/4"}],"replies":[{"embeddable":true,"href":"https:\/\/pandc.10z.com.ar\/index.php?rest_route=%2Fwp%2Fv2%2Fcomments&post=1256"}],"version-history":[{"count":0,"href":"https:\/\/pandc.10z.com.ar\/index.php?rest_route=\/wp\/v2\/posts\/1256\/revisions"}],"wp:attachment":[{"href":"https:\/\/pandc.10z.com.ar\/index.php?rest_route=%2Fwp%2Fv2%2Fmedia&parent=1256"}],"wp:term":[{"taxonomy":"category","embeddable":true,"href":"https:\/\/pandc.10z.com.ar\/index.php?rest_route=%2Fwp%2Fv2%2Fcategories&post=1256"},{"taxonomy":"post_tag","embeddable":true,"href":"https:\/\/pandc.10z.com.ar\/index.php?rest_route=%2Fwp%2Fv2%2Ftags&post=1256"}],"curies":[{"name":"wp","href":"https:\/\/api.w.org\/{rel}","templated":true}]}}