{"id":1234,"date":"2009-09-23T12:08:40","date_gmt":"2009-09-23T15:08:40","guid":{"rendered":"http:\/\/pandc.10z.com.ar\/?p=1234"},"modified":"2010-07-03T09:00:23","modified_gmt":"2010-07-03T12:00:23","slug":"joao-do-vale-o-cantor-do-povo-1965","status":"publish","type":"post","link":"https:\/\/pandc.10z.com.ar\/?p=1234","title":{"rendered":"Joao Do Vale &#8211; O Poeta Do Povo (1965)"},"content":{"rendered":"<p><a href=\"https:\/\/pandc.10z.com.ar\/wp-content\/img\/DoValefront.jpg\" target=\"_blank\"><img loading=\"lazy\" decoding=\"async\" class=\"aligncenter\" src=\"https:\/\/pandc.10z.com.ar\/wp-content\/img\/DoValefront.jpg\" alt=\"\" width=\"400\" height=\"400\" \/><\/a><\/p>\n<p style=\"text-align: center;\"><a href=\"https:\/\/pandc.10z.com.ar\/wp-content\/img\/DoValeback.jpg\" target=\"_blank\"><img loading=\"lazy\" decoding=\"async\" class=\"aligncenter\" src=\"https:\/\/pandc.10z.com.ar\/wp-content\/img\/DoValeback.jpg\" alt=\"\" width=\"400\" height=\"400\" \/><\/a><\/p>\n<p style=\"text-align: left;\">Naci\u00f3 enel interior de Maranh\u00e2o el 11 de octubre de 1934, y a los 15 a\u00f1os se traslad\u00f3 al sur de Brasil, viviendo en diversas ciudades y trabajando en diversas ocupaciones lejanas a la m\u00fasica. En 1950 lleg\u00f3 a R\u00edo de Janeiro y se emple\u00f3 en como alba\u00f1il en Ipanema. Como ya ten\u00eda algunas composiciones, comenz\u00f3 a frecuentar programas de radio para mostrar su trabajo a diversos artistas. Finalmente, en 1953 la cantante <strong>Marlene<\/strong> grab\u00f3 <em>\u201cEstrela mi\u00fada\u201d<\/em>, con cierto \u00e9xito. Otros int\u00e9rpretes como<strong> Z\u00e9 Gonzaga, Lu\u00eds Vieira y Marin\u00eas <\/strong>tambi\u00e9n grabaron canciones de <strong>Jo\u00e2o do Vale<\/strong>. En 1964 particip\u00f3 del espect\u00e1culo <em>\u201cOpini\u00e2o\u201d<\/em>, y en esa ocasi\u00f3n lanz\u00f3 su mayor suceso, <em>\u201cCarcar\u00e1\u201d<\/em>, inmortaizado en la interpretaci\u00f3n de la tambien nobel <strong>Mar\u00eda Beth\u00e2nia<\/strong>.<\/p>\n<p>Este \u00e1lbum recoge esas canciones que, salidas de su talento, fueron inmortalizadas por diversos artistas de gran popularidad en Brasil, pero\u00a0 interpretadas por \u00e9l mismo. <strong>Jo\u00e2o do Vale<\/strong>, fallecido en 1996 fue uno de los pilares del movimiento del que surgi\u00f3 la bossa nova y es uno de los mayores y mejores secretos guardados por la m\u00fasica de Brasil.<\/p>\n<p><strong>Tracklist:<\/strong><\/p>\n<p>01. A voz do povo<br \/>\n02. Carcar\u00e1<br \/>\n03. Pra mim n\u00e3o<br \/>\n04. Peba na pimenta<br \/>\n05. Minha hist\u00f3ria<br \/>\n06. A lavadeira e o lavrador<br \/>\n07. Pisa na ful\u00f4<br \/>\n08. O jangadeiro<br \/>\n09. Fogo no Paran\u00e1<br \/>\n10. Ouricuri<br \/>\n11. O bom filho \u00e0 casa torna<br \/>\n12. Sina de Caboclo<\/p>\n<p>***<\/p>\n<p><a href=\"http:\/\/www.megaupload.com\/?d=YCSJJRDL\"><strong>Aqu\u00ed<\/strong><\/a><\/p>\n<p>***<\/p>\n","protected":false},"excerpt":{"rendered":"<p>Naci\u00f3 enel interior de Maranh\u00e2o el 11 de octubre de 1934, y a los 15 a\u00f1os se traslad\u00f3 al sur de Brasil, viviendo en diversas ciudades y trabajando en diversas ocupaciones lejanas a la m\u00fasica. En 1950 lleg\u00f3 a R\u00edo de Janeiro y se emple\u00f3 en como alba\u00f1il en Ipanema. Como ya ten\u00eda algunas composiciones, [&hellip;]<\/p>\n","protected":false},"author":5,"featured_media":0,"comment_status":"open","ping_status":"open","sticky":false,"template":"","format":"standard","meta":{"footnotes":""},"categories":[173],"tags":[12],"class_list":["post-1234","post","type-post","status-publish","format-standard","hentry","category-joao-do-vale","tag-brasil"],"_links":{"self":[{"href":"https:\/\/pandc.10z.com.ar\/index.php?rest_route=\/wp\/v2\/posts\/1234","targetHints":{"allow":["GET"]}}],"collection":[{"href":"https:\/\/pandc.10z.com.ar\/index.php?rest_route=\/wp\/v2\/posts"}],"about":[{"href":"https:\/\/pandc.10z.com.ar\/index.php?rest_route=\/wp\/v2\/types\/post"}],"author":[{"embeddable":true,"href":"https:\/\/pandc.10z.com.ar\/index.php?rest_route=\/wp\/v2\/users\/5"}],"replies":[{"embeddable":true,"href":"https:\/\/pandc.10z.com.ar\/index.php?rest_route=%2Fwp%2Fv2%2Fcomments&post=1234"}],"version-history":[{"count":0,"href":"https:\/\/pandc.10z.com.ar\/index.php?rest_route=\/wp\/v2\/posts\/1234\/revisions"}],"wp:attachment":[{"href":"https:\/\/pandc.10z.com.ar\/index.php?rest_route=%2Fwp%2Fv2%2Fmedia&parent=1234"}],"wp:term":[{"taxonomy":"category","embeddable":true,"href":"https:\/\/pandc.10z.com.ar\/index.php?rest_route=%2Fwp%2Fv2%2Fcategories&post=1234"},{"taxonomy":"post_tag","embeddable":true,"href":"https:\/\/pandc.10z.com.ar\/index.php?rest_route=%2Fwp%2Fv2%2Ftags&post=1234"}],"curies":[{"name":"wp","href":"https:\/\/api.w.org\/{rel}","templated":true}]}}