{"id":1229,"date":"2009-09-22T16:08:04","date_gmt":"2009-09-22T19:08:04","guid":{"rendered":"http:\/\/pandc.10z.com.ar\/?p=1229"},"modified":"2009-09-22T16:34:30","modified_gmt":"2009-09-22T19:34:30","slug":"toquinho-bossa-nova-para-sempre-2005","status":"publish","type":"post","link":"https:\/\/pandc.10z.com.ar\/?p=1229","title":{"rendered":"Toquinho &#8211; Bossa Nova Para Sempre (2005)"},"content":{"rendered":"<p style=\"text-align: center;\"><a href=\"https:\/\/pandc.10z.com.ar\/wp-content\/img\/ToquinhoBossaSempreFront.jpg\" target=\"_blank\"><img loading=\"lazy\" decoding=\"async\" class=\"aligncenter\" title=\"BossaSempreFront\" src=\"https:\/\/pandc.10z.com.ar\/wp-content\/img\/ToquinhoBossaSempreFront.jpg\" alt=\"\" width=\"400\" height=\"400\" \/><\/a><\/p>\n<p style=\"text-align: center;\">\n<p style=\"text-align: center;\"><a href=\"https:\/\/pandc.10z.com.ar\/wp-content\/img\/ToquinhoBossaSempreRetro.jpg\" target=\"_blank\"><img loading=\"lazy\" decoding=\"async\" class=\"aligncenter\" title=\"BossaSempreRetro\" src=\"https:\/\/pandc.10z.com.ar\/wp-content\/img\/ToquinhoBossaSempreRetro.jpg\" alt=\"\" width=\"400\" height=\"320\" \/><\/a><\/p>\n<p style=\"text-align: center;\">\n<p><strong>\u00abA bossa nova n\u00e3o tem tempo nem idade\u00bb<\/strong><br \/>\n<strong>La bossa nova no tiene tiempo ni edad.<\/strong><\/p>\n<p>Este doble Cd es el tributo de Toquinho a la Bossa Nova, con las m\u00e1s importantes canciones de ese ritmo, que colocaron al Brasil en el mapa de la m\u00fasica. Un \u00e1lbum que los amantes de la MB no se pueden perder!<\/p>\n<p>En la retro tapa se puede leer la presentaci\u00f3n del mismo Toquinho:<\/p>\n<p>\u00abPor todo esto, despu\u00e9s de estos 40 de carrera, sent\u00ed que le deb\u00eda un tributo a la bossa nova, como portavoz de mi generaci\u00f3n, grabando estos dos Cd. En ellos est\u00e1n las treinta canciones m\u00e1s representativas de esa transformaci\u00f3n cultural, cuya belleza sigue deleitando a las generaciones, haciendo prevalecer as\u00ed en el mundo la exuberancia del arte musical brasile\u00f1o &#8230;.\u00bb<\/p>\n<p><em><strong>Toquinho<\/strong><\/em><\/p>\n<p>***<\/p>\n<p><strong>Tracklist:<\/strong><\/p>\n<p><strong>Cd 1<\/strong><\/p>\n<p>01. Rapaz de Bem<br \/>\n02. Minha Namorada<br \/>\n03. Garota de Ipanema<br \/>\n04. Coisa Mais Linda<br \/>\n05. Marcha da Quarta &#8211; Feira de Cinzas<br \/>\n06. Samba em Prel\u00fadio<br \/>\n07. Samba do Avi\u00e3o<br \/>\n08. Eu Sei que Vou Te Amar<br \/>\n09. Berimbau<br \/>\n10. Amor em Paz<br \/>\n11. Se \u00e9 Tarde Me Perdoa<br \/>\n12. O Barquinho<br \/>\n13. Wave<br \/>\n14. Samba de Ver\u00e3o<br \/>\n15. Medita\u00e7\u00e3o<\/p>\n<p>***<\/p>\n<p><a href=\"http:\/\/rapidshare.com\/files\/282880150\/ToquiBoNoSempre1.rar\">Aqu\u00ed<\/a><\/p>\n<p>***<\/p>\n<p><strong>Cd 2<\/strong><\/p>\n<p>01. A Felicidade<br \/>\n02. Samba da Ben\u00e7\u00e3o<br \/>\n03. Samba de uma Nota S\u00f3<br \/>\n04. Primavera<br \/>\n05. Desafinado<br \/>\n06. Minha Saudade<br \/>\n07. Voc\u00ea<br \/>\n08. Insensatez<br \/>\n09. Samba do Carioca<br \/>\n10. Apelo<br \/>\n11. Canto de Ossanha<br \/>\n12. Manh\u00e3 de Carnaval<br \/>\n13. Ela \u00e9 Carioca<br \/>\n14. Corcovado<br \/>\n15. Chega de Saudade<\/p>\n<p>***<\/p>\n<p><a href=\"http:\/\/rapidshare.com\/files\/282887570\/ToquiBoNoSempre2.rar\">Aqu\u00ed<\/a><\/p>\n<p>***<\/p>\n","protected":false},"excerpt":{"rendered":"<p>\u00abA bossa nova n\u00e3o tem tempo nem idade\u00bb La bossa nova no tiene tiempo ni edad. Este doble Cd es el tributo de Toquinho a la Bossa Nova, con las m\u00e1s importantes canciones de ese ritmo, que colocaron al Brasil en el mapa de la m\u00fasica. Un \u00e1lbum que los amantes de la MB no [&hellip;]<\/p>\n","protected":false},"author":4,"featured_media":0,"comment_status":"open","ping_status":"open","sticky":false,"template":"","format":"standard","meta":{"footnotes":""},"categories":[107],"tags":[12],"class_list":["post-1229","post","type-post","status-publish","format-standard","hentry","category-toquinho","tag-brasil"],"_links":{"self":[{"href":"https:\/\/pandc.10z.com.ar\/index.php?rest_route=\/wp\/v2\/posts\/1229","targetHints":{"allow":["GET"]}}],"collection":[{"href":"https:\/\/pandc.10z.com.ar\/index.php?rest_route=\/wp\/v2\/posts"}],"about":[{"href":"https:\/\/pandc.10z.com.ar\/index.php?rest_route=\/wp\/v2\/types\/post"}],"author":[{"embeddable":true,"href":"https:\/\/pandc.10z.com.ar\/index.php?rest_route=\/wp\/v2\/users\/4"}],"replies":[{"embeddable":true,"href":"https:\/\/pandc.10z.com.ar\/index.php?rest_route=%2Fwp%2Fv2%2Fcomments&post=1229"}],"version-history":[{"count":0,"href":"https:\/\/pandc.10z.com.ar\/index.php?rest_route=\/wp\/v2\/posts\/1229\/revisions"}],"wp:attachment":[{"href":"https:\/\/pandc.10z.com.ar\/index.php?rest_route=%2Fwp%2Fv2%2Fmedia&parent=1229"}],"wp:term":[{"taxonomy":"category","embeddable":true,"href":"https:\/\/pandc.10z.com.ar\/index.php?rest_route=%2Fwp%2Fv2%2Fcategories&post=1229"},{"taxonomy":"post_tag","embeddable":true,"href":"https:\/\/pandc.10z.com.ar\/index.php?rest_route=%2Fwp%2Fv2%2Ftags&post=1229"}],"curies":[{"name":"wp","href":"https:\/\/api.w.org\/{rel}","templated":true}]}}