{"id":1016,"date":"2009-09-12T13:59:14","date_gmt":"2009-09-12T16:59:14","guid":{"rendered":"http:\/\/pandc.10z.com.ar\/?p=1016"},"modified":"2011-07-01T11:37:47","modified_gmt":"2011-07-01T14:37:47","slug":"sergio-endrigo-en-castellano-1980","status":"publish","type":"post","link":"https:\/\/pandc.10z.com.ar\/?p=1016","title":{"rendered":"Sergio Endrigo &#8211; En Castellano (1980)"},"content":{"rendered":"<p><a href=\"https:\/\/pandc.10z.com.ar\/wp-content\/img\/Endrigocastellanofront.jpg\" target=\"_blank\"><img loading=\"lazy\" decoding=\"async\" class=\"aligncenter\" src=\"https:\/\/pandc.10z.com.ar\/wp-content\/img\/Endrigocastellanofront.jpg\" alt=\"\" width=\"400\" height=\"400\" \/><\/a><\/p>\n<p style=\"text-align: center;\"><a href=\"https:\/\/pandc.10z.com.ar\/wp-content\/img\/Endrigocastellanoback.jpg\" target=\"_blank\"><img loading=\"lazy\" decoding=\"async\" class=\"aligncenter\" src=\"https:\/\/pandc.10z.com.ar\/wp-content\/img\/Endrigocastellanoback.jpg\" alt=\"\" width=\"400\" height=\"400\" \/><\/a><\/p>\n<p style=\"text-align: justify;\"><strong>Sergio Endrigo<\/strong> fue un cantautor italiano, nacido en Pola (Istria, a la saz\u00f3n territorio italiano) en 1933 y fallecido en Roma en 2005.\u00a0 Cuando acab\u00f3 la Guerra Mundial ten\u00eda 12 a\u00f1os, y la posguerra en Istria fue cruel con el interregno de la ciudad de Trieste, por el control de la zona, entre 1943 y 1954, entre potencias. Finalmente la ciudad de Pola pas\u00f3 a pertenecer a Yugoslavia que estaba bajo la dictadura comunista de Tito. Muchos ciudadanos de cultura italiana emigraron a Australia, Estados Unidos o Italia, como fue el caso de la familia de Sergio que fueron expatriados, concretamente ellos emigraron forzosamente a Brindisi. All\u00ed estudi\u00f3 viol\u00edn y en la escuela era un alumno avanzado sobre todo en literatura. De ah\u00ed nacer\u00e1 su vena de autor de innumerables temas que hoy d\u00eda son cl\u00e1sicos en Italia.<\/p>\n<p style=\"text-align: justify;\">En 1959 entr\u00f3 en la orquesta de <strong>Riccardo Rauchini<\/strong>. Pero nunca olvidaba su vocaci\u00f3n de autor y compositor escribiendo algunas canciones al comp\u00e1s de su guitarra. Entonces, en las puertas de los a\u00f1os sesenta decidi\u00f3 lanzarse al mundo art\u00edstico en solitario en 1960 cuando firm\u00f3 un contrato con la casa discogr\u00e1fica Ricordi con el tema<em> \u201cLe Tue Mani\u201d<\/em> de <strong>Pino Spotti<\/strong>.<\/p>\n<p style=\"text-align: justify;\">En 1962 un tema suyo vende m\u00e1s de 650.000 copias, haci\u00e9ndose internacionalmente conocido para la RCA titulado <em>\u201cIo che amo solo te\u201d<\/em>. Edita su primer \u00e1lbum titulado <em>\u201cEndrigo\u201d<\/em> donde est\u00e1 ese tema, <em>\u201cLa brava Gente\u201d, \u201cIl soldato di Napoleone\u201d, \u201cAria di neve\u201d<\/em>, etc.<\/p>\n<p style=\"text-align: justify;\">Y como todos los cantantes que buscaban un \u00e9xito de masas, <strong>Sergio Endrigo<\/strong> se presenta a <strong>Sanremo<\/strong>. Particip\u00f3 en la edici\u00f3n de 1966 del Festival con el tema <em>\u201cAdesso s\u00ed\u201d<\/em>.\u00a0 Entre 1965 y 1967 graba <em>\u201cTi amo\u201d, \u201cTeresa\u201d, \u201cLa donna del sud\u201d, Viva Maddalena\u201d, \u201cBasta<\/em><em><br \/>\n<em>cos\u00ed\u201d<\/em><\/em>, en sendos \u00e1lbums r\u00e9cord de ventas en Italia. Pero ser\u00e1 la edici\u00f3n de Sanremo \u201968 la que le har\u00e1 una aut\u00e9ntica figura internacional al ganar la competici\u00f3n con la formidable composici\u00f3n de su pu\u00f1o y letra <em>\u201cCanzone per te\u201d<\/em>, todo un cl\u00e1sico de la m\u00fasica italiana de todos los tiempos. Se hizo la melod\u00eda rom\u00e1ntica de moda a finales de los sesenta, no s\u00f3lo puesta en su voz, sino tambi\u00e9n en la versi\u00f3n del brasile\u00f1o <strong>Roberto Carlos <\/strong>que la internacionaliz\u00f3 en portugu\u00e9s para el mundo. Vuelve a Sanremo y fue tercero en 1970 con <em>\u201cL\u2019Arca di Noe\u201d<\/em> junto a <strong>Iva Zanicchi<\/strong>.\u00a0 Ese tema le reporta el premio de la cr\u00edtica como mejor letra.<\/p>\n<p style=\"text-align: justify;\">La d\u00e9cada de los ochenta la inicia con otro trabajo dedicado a su amigo del alma, el brasile\u00f1o Vinicius de Moraes titulado \u201c\u2026e noi amiamoci\u201d. En 1988 graba<em> \u201cIl giardino di Giovanni\u201d<\/em> donde hay viejos temas de su repertorio.\u00a0 Pero conforme va viendo que las casas discogr\u00e1ficas prefieren un r\u00e9cord de ventas a la b\u00fasqueda de la canci\u00f3n de autor en los a\u00f1os noventa va espaciando sus trabajos y graba su \u00faltimo lp tras cinco a\u00f1os sin disco en el mercado en 1993 con el t\u00edtulo de<em> \u201cQualcosa di meglio\u201d<\/em>.<\/p>\n<p style=\"text-align: justify;\"><strong>Sergio Endrigo<\/strong> esta entre los grandes de la canci\u00f3n italiana con cerca de 250 canciones de su pu\u00f1o y letra. Falleci\u00f3 con 72 a\u00f1os de edad el 7 de septiembre de 2005 en Roma. El c\u00e1ncer de pulm\u00f3n que ven\u00eda sufriendo hac\u00eda alg\u00fan tiempo se llev\u00f3 a una de las figuras m\u00e1s<br \/>\nconocidas de la m\u00fasica italiana.<\/p>\n<p style=\"text-align: justify;\">***<\/p>\n<p style=\"text-align: justify;\">Este \u00e1lbum que hoy compartimos en <strong>exclusiva para P&amp;C<\/strong> fue editado en Argentina en 1980. No es una mera recopilaci\u00f3n, sino que el propio <strong>Endrigo<\/strong> realiz\u00f3 para la ocasi\u00f3n nuevos arreglos musicales. Est\u00e1 completamente cantado en castellano y <strong>nunca fue editado en Italia ni tampoco tiene edici\u00f3n en CD<\/strong>, y obviamente est\u00e1 en mi discoteca personal.<\/p>\n<p style=\"text-align: justify;\">\n<p style=\"text-align: justify;\">***<\/p>\n<p><strong>Tracklist:<\/strong><\/p>\n<p>01. Lejos De Mi (Lontano Dagli Occhi)<br \/>\n02. El Arca De No\u00e8 (L&#8217;Arca Di No\u00e8]<br \/>\n03. Yo Que Te Amo Solo A Ti (Io Che Amo Solo Te)<br \/>\n04. La Noche De Mi Amor (A noite do meu bem)<br \/>\n05. Cari\u00f1oso (Carinhoso)<br \/>\n06. Manos De Viento (Mani Bucate)<br \/>\n07. Ana Maria (Annamaria)<br \/>\n08. La Rosa Blanca (La Rosa Bianca)<br \/>\n09. Elisa Elisa (Elisa Elisa)<br \/>\n10. La Burguesita (La Borghesina)<br \/>\n11. Viva Magdalena (Viva Maddalena)<br \/>\n12. Cancion Para Ti (Canzone Per Te)<br \/>\n13. La Primera Compa\u00f1ia (La Prima Compagnia]<\/p>\n<p style=\"text-align: left;\">***<\/p>\n<p style=\"text-align: left;\"><a href=\"http:\/\/www.megaupload.com\/?d=W4ZCTE08\"><strong>MU Aqu\u00ed<\/strong><\/a><\/p>\n<p><a href=\"http:\/\/rapidshare.com\/files\/279108713\/SedrigoCast.PC.rar\"><strong>RS Aqu\u00ed<\/strong><\/a><\/p>\n<p>***<\/p>\n","protected":false},"excerpt":{"rendered":"<p>Sergio Endrigo fue un cantautor italiano, nacido en Pola (Istria, a la saz\u00f3n territorio italiano) en 1933 y fallecido en Roma en 2005.\u00a0 Cuando acab\u00f3 la Guerra Mundial ten\u00eda 12 a\u00f1os, y la posguerra en Istria fue cruel con el interregno de la ciudad de Trieste, por el control de la zona, entre 1943 y [&hellip;]<\/p>\n","protected":false},"author":5,"featured_media":0,"comment_status":"open","ping_status":"open","sticky":false,"template":"","format":"standard","meta":{"footnotes":""},"categories":[123],"tags":[3],"class_list":["post-1016","post","type-post","status-publish","format-standard","hentry","category-sergio-endrigo","tag-italia"],"_links":{"self":[{"href":"https:\/\/pandc.10z.com.ar\/index.php?rest_route=\/wp\/v2\/posts\/1016","targetHints":{"allow":["GET"]}}],"collection":[{"href":"https:\/\/pandc.10z.com.ar\/index.php?rest_route=\/wp\/v2\/posts"}],"about":[{"href":"https:\/\/pandc.10z.com.ar\/index.php?rest_route=\/wp\/v2\/types\/post"}],"author":[{"embeddable":true,"href":"https:\/\/pandc.10z.com.ar\/index.php?rest_route=\/wp\/v2\/users\/5"}],"replies":[{"embeddable":true,"href":"https:\/\/pandc.10z.com.ar\/index.php?rest_route=%2Fwp%2Fv2%2Fcomments&post=1016"}],"version-history":[{"count":0,"href":"https:\/\/pandc.10z.com.ar\/index.php?rest_route=\/wp\/v2\/posts\/1016\/revisions"}],"wp:attachment":[{"href":"https:\/\/pandc.10z.com.ar\/index.php?rest_route=%2Fwp%2Fv2%2Fmedia&parent=1016"}],"wp:term":[{"taxonomy":"category","embeddable":true,"href":"https:\/\/pandc.10z.com.ar\/index.php?rest_route=%2Fwp%2Fv2%2Fcategories&post=1016"},{"taxonomy":"post_tag","embeddable":true,"href":"https:\/\/pandc.10z.com.ar\/index.php?rest_route=%2Fwp%2Fv2%2Ftags&post=1016"}],"curies":[{"name":"wp","href":"https:\/\/api.w.org\/{rel}","templated":true}]}}